{"id":972,"date":"2017-06-23T23:09:17","date_gmt":"2017-06-23T21:09:17","guid":{"rendered":"http:\/\/orditux.org\/aol\/?p=972"},"modified":"2026-02-24T19:34:15","modified_gmt":"2026-02-24T17:34:15","slug":"bni-en-ariege","status":"publish","type":"post","link":"https:\/\/orditux.org\/aol\/2017\/06\/23\/bni-en-ariege\/","title":{"rendered":"BNI en Ari\u00e8ge"},"content":{"rendered":"<span class=\"span-reading-time rt-reading-time\" style=\"display: block;\"><span class=\"rt-label rt-prefix\">Temps de lecture\u00a0: <\/span> <span class=\"rt-time\"> &lt;\u00a01<\/span> <span class=\"rt-label rt-postfix\">minute<\/span><\/span><p style=\"text-align: justify;\">Hier matin j&#8217;ai fait connaissance avec le groupe <a href=\"http:\/\/bni-lr.fr\/bni-pamiers-basseariege\/\">BNI Pamiers Basse Ari\u00e8ge<\/a>. D\u00e8s 7h00 du matin autour du caf\u00e9 avant la r\u00e9union de 7h30 \u00e0 9h30, un mode de rencontre professionnelle que je ne peux que qualifier de \u00abdiff\u00e9rent\u00bb, avec des r\u00e9sultats qui m&#8217;ont impressionn\u00e9s. Apr\u00e8s avoir d\u00e9couvert un article sur <a href=\"http:\/\/echo-09.com\">echo-09.com<\/a>, j&#8217;avais souhait\u00e9 rencontrer les personnes formant ce groupe, et demand\u00e9 une invitation. J&#8217;y retournerai, et je recommande les groupes BNI \u00e0 tous les professionnels qui souhaitent \u00e9largir leur cercle de relations professionnelles.<\/p>\n","protected":false},"excerpt":{"rendered":"<p><span class=\"span-reading-time rt-reading-time\" style=\"display: block;\"><span class=\"rt-label rt-prefix\">Temps de lecture\u00a0: <\/span> <span class=\"rt-time\"> &lt;\u00a01<\/span> <span class=\"rt-label rt-postfix\">minute<\/span><\/span>Hier matin j&#8217;ai fait connaissance avec le groupe BNI Pamiers Basse Ari\u00e8ge. D\u00e8s 7h00 du matin autour du caf\u00e9 avant la r\u00e9union de 7h30 \u00e0 9h30, un mode de rencontre professionnelle que je ne peux que qualifier de \u00abdiff\u00e9rent\u00bb, avec des r\u00e9sultats qui m&#8217;ont impressionn\u00e9s. Apr\u00e8s avoir d\u00e9couvert un article sur echo-09.com, j&#8217;avais souhait\u00e9 rencontrer [&hellip;]<\/p>\n","protected":false},"author":1,"featured_media":0,"comment_status":"open","ping_status":"open","sticky":false,"template":"","format":"standard","meta":{"_s2mail":"","footnotes":""},"categories":[114],"tags":[],"class_list":["post-972","post","type-post","status-publish","format-standard","hentry","category-business"],"jetpack_featured_media_url":"","_links":{"self":[{"href":"https:\/\/orditux.org\/aol\/wp-json\/wp\/v2\/posts\/972","targetHints":{"allow":["GET"]}}],"collection":[{"href":"https:\/\/orditux.org\/aol\/wp-json\/wp\/v2\/posts"}],"about":[{"href":"https:\/\/orditux.org\/aol\/wp-json\/wp\/v2\/types\/post"}],"author":[{"embeddable":true,"href":"https:\/\/orditux.org\/aol\/wp-json\/wp\/v2\/users\/1"}],"replies":[{"embeddable":true,"href":"https:\/\/orditux.org\/aol\/wp-json\/wp\/v2\/comments?post=972"}],"version-history":[{"count":1,"href":"https:\/\/orditux.org\/aol\/wp-json\/wp\/v2\/posts\/972\/revisions"}],"predecessor-version":[{"id":2844,"href":"https:\/\/orditux.org\/aol\/wp-json\/wp\/v2\/posts\/972\/revisions\/2844"}],"wp:attachment":[{"href":"https:\/\/orditux.org\/aol\/wp-json\/wp\/v2\/media?parent=972"}],"wp:term":[{"taxonomy":"category","embeddable":true,"href":"https:\/\/orditux.org\/aol\/wp-json\/wp\/v2\/categories?post=972"},{"taxonomy":"post_tag","embeddable":true,"href":"https:\/\/orditux.org\/aol\/wp-json\/wp\/v2\/tags?post=972"}],"curies":[{"name":"wp","href":"https:\/\/api.w.org\/{rel}","templated":true}]}}