{"id":94,"date":"2012-06-15T01:04:05","date_gmt":"2012-06-14T23:04:05","guid":{"rendered":"http:\/\/orditux.org\/aol\/?p=94"},"modified":"2026-02-03T21:07:43","modified_gmt":"2026-02-03T19:07:43","slug":"touche-pas-a-mon-auto-entreprise","status":"publish","type":"post","link":"https:\/\/orditux.org\/aol\/2012\/06\/15\/touche-pas-a-mon-auto-entreprise\/","title":{"rendered":"Touche pas \u00e0 mon Auto Entreprise !"},"content":{"rendered":"<span class=\"span-reading-time rt-reading-time\" style=\"display: block;\"><span class=\"rt-label rt-prefix\">Temps de lecture\u00a0: <\/span> <span class=\"rt-time\"> 3<\/span> <span class=\"rt-label rt-postfix\">minutes<\/span><\/span><p style=\"text-align: justify;\">J&#8217;ai souvent pens\u00e9 choisir ce statut et j&#8217;y pense encore, en me demandant quand cela sera le bon moment.<\/p>\n<p style=\"text-align: justify;\">Il semblerait que ce ne soit peut-\u00eatre pas le bon moment, car un vent de r\u00e9volte souffle dans le monde de l&#8217;auto entreprise, face aux projets de r\u00e9forme du statut.<\/p>\n<p style=\"text-align: justify;\">D\u00e9j\u00e0 au mois de d\u00e9cembre 2011, Fran\u00e7ois Hollande parlait de n\u00e9cessit\u00e9 de r\u00e9vision du statut \u00ab <a href=\"http:\/\/pme-pmi-tpe.parti-socialiste.fr\/2011\/12\/21\/francois-hollande-le-confirme-la-position-du-ps-le-regime-dauto-entrepreneur-doit-etre-revu\/\">Fran\u00e7ois Hollande confirme la position du PS, le r\u00e9gime d\u2019auto entrepreneur doit \u00eatre revu, pas supprim\u00e9.<\/a> \u00bb<\/p>\n<blockquote><p>Il ne faut pas supprimer la possibilit\u00e9 de \u00ab mettre le pied \u00e0 l\u2019\u00e9trier \u00bb pour les nouveaux entrepreneurs mais limiter cette phase transitoire dans le temps et \u00e0 des formes d\u2019entreprises simplifi\u00e9es.<\/p><\/blockquote>\n<p style=\"text-align: justify;\">Cela pourrait sembler l\u00e9gitime, si la situation r\u00e9elle des personnes concern\u00e9es permettait effectivement un changement vers un statut fiscal, social et juridique leur permettant de vivre d\u00e9cemment. Mais au contraire ! On peut se rendre compte d&#8217;apr\u00e8s les nombreux commentaires sur divers sites que pour des milliers de personnes ayant choisi ce statut, c&#8217;est la seule et unique solution pour survivre.<\/p>\n<p style=\"text-align: justify;\">Cela concerne des retrait\u00e9s dont les pensions sont trop peu \u00e9lev\u00e9es, des m\u00e8res ayant besoin de temps pour prendre soin de leurs enfants, d&#8217;anciens ch\u00f4meurs dont le monde du travail ne veut plus, des personnes insuffisamment qualifi\u00e9es pour int\u00e9resser les entreprises qui recrutent&#8230; Ce sont le plus souvent des personnes pour qui l&#8217;auto entrepreneuriat sera n\u00e9cessaire jusqu&#8217;\u00e0 leur retraite ! Plus qu&#8217;un ballon d&#8217;air frais, c&#8217;est d&#8217;abord une bou\u00e9e de sauvetage, une chaloupe \u00e0 la mer, qu&#8217;il ne faudrait pas transformer en \u00e9pave d\u00e9rivant au gr\u00e9 des courants politiques\u2026<\/p>\n<p style=\"text-align: justify;\">Pour d&#8217;autres, cela pourrait en effet \u00eatre un tremplin, lequel aura une longueur pouvant n\u00e9cessiter jusqu&#8217;\u00e0 5 ann\u00e9es ou plus, pour permettre un atterrissage en douceur vers une autre forme d&#8217;entrepreneuriat.<\/p>\n<p style=\"text-align: justify;\">Je vous propose de d\u00e9couvrir cela dans les pages suivantes, et les nombreux commentaires \u00e9difiants qui les accompagnent et ne cessent de cro\u00eetre en nombre:<br \/>\nD\u00e9j\u00e0 dans le lien ci-dessus, on peut lire un dans l&#8217;un d&#8217;entre eux:<\/p>\n<blockquote><p>Eric<br \/>\n29 mar 2012<br \/>\n09 h 33<\/p>\n<p>La notion de phase de d\u00e9marrage ne s\u2019adresse effectivement qu\u2019\u00e0 des entrepreneurs qui pensent (ou qui ont la chance) voir leur activit\u00e9 s\u2019envoler et d\u00e9passer les 32K\u20ac de CA en service ou 80K\u20ac en vente.<\/p>\n<p>Personnellement, comme pas mal d\u2019autres en service de conseil, webdesign, je serais d\u00e9j\u00e0 bien content d\u2019atteindre les 32K\u20ac. \u00e7a fait 3 ans et je suis satisfait m\u00eame avec un CA assez maigre.<br \/>\nL\u2019alternative ?<br \/>\nJe n\u2019en ai plus. Ce serait pire que de la pr\u00e9carit\u00e9! Peut-\u00eatre Maison des artistes (\u00e0 moins qu\u2019on la supprime aussi ?)<br \/>\nInemployable \u00e0 48 ans, mal diplom\u00e9 (pour les normes actuelles) sans droits Assedic (&#8230;)<\/p><\/blockquote>\n<p style=\"text-align: justify;\">\u00c7a fait mal, non ?<\/p>\n<p style=\"text-align: justify;\">Dans l&#8217;article suivant, sur le site de Gautier Girard, \u00ab Le site de r\u00e9f\u00e9rence sur la Cr\u00e9ation d&#8217;Entreprise et l&#8217;Entrepreneuriat \u00bb:<br \/>\n<a href=\"http:\/\/www.gautier-girard.com\/analyse-economique-de-conjoncture-france-europe-et-monde\/conjoncture-france-analyse-de-la-conjoncture-en-france-economie\/ajustements-du-statut-dauto-entrepreneur-le-president-des-artisans-veut-le-limiter-a-un-an\/\">\u201cAjustements\u201d du statut d\u2019auto-entrepreneur : le pr\u00e9sident des artisans veut le limiter \u00e0 un an !<\/a>,<\/p>\n<p style=\"text-align: justify;\">Cette page en est \u00e0 plus de 100 commentaires.<\/p>\n<p style=\"text-align: justify;\">Sur le blog.lefigaro.fr, <a title=\"10 propositions pour d\u00e9fendre les auto entrepreneurs\" href=\"http:\/\/blog.lefigaro.fr\/legales\/2011\/12\/10-propositions-pour-defendre-les-auto-entrepreneurs.html\" target=\"_blank\" rel=\"noopener\">10 propositions pour d\u00e9fendre les auto-entrepreneurs<\/a>.<\/p>\n<p style=\"text-align: justify;\">Le final de ce court article nous parle de r\u00e9sultats financiers : \u00ab Le r\u00e9gime de l&#8217;auto-entrepreneur a g\u00e9n\u00e9r\u00e9 5 milliards d&#8217;euros de chiffre d&#8217;affaires et 600 millions de <a href=\"http:\/\/www.leparisien.fr\/economie\/les-auto-entrepreneurs-vont-devoir-s-acquitter-d-une-taxe-29-11-2010-1170685.php\">recettes fiscales<\/a> pour l&#8217;Etat. \u00bb<\/p>\n<p style=\"text-align: justify;\">Et le t\u00e9moignage d&#8217;un artisan que les Auto Entrepreneurs ne g\u00eane pas :<\/p>\n<blockquote><p>\u00ab lulu008&gt; je suis artisan \u00e9lectricien. Les auto-entrepreneurs ne font pas autant de &#8216;mal&#8217; que certains le laisseraient croire.<br \/>\nTr\u00e8s rares sont les ma\u00eetrises d\u2019\u0153uvre qui souhaitent travailler avec un AE pour la simple et bonne raison que trouver un AE disposant d&#8217;une responsabilit\u00e9 civile professionnelle avec d\u00e9cennale rel\u00e8ve du miracle.<br \/>\nCeci \u00e9tant, pour les petits travaux chez les particuliers, je ne suis pas contre redonner le march\u00e9 \u00e0 un AE local car, \u00e0 vrai dire, ce genre de petits travaux n&#8217;int\u00e9ressent plus vraiment les artisans, les vrais allons nous dire\u2026 \u00bb<\/p><\/blockquote>\n<p style=\"text-align: justify;\">En cherchant un petit peu, on trouve tr\u00e8s souvent des t\u00e9moignages identiques, tendant \u00e0 d\u00e9montrer que la concurrence d\u00e9loyale point\u00e9e du doigt pour justifier une r\u00e9forme est tr\u00e8s probablement une fausse bonne raison.<br \/>\nEt si vous \u00e9tiez d\u00e9sireux de lancer ou de signer une p\u00e9tition, la F\u00e9d\u00e9ration des Auto Entrepreneurs a justement point\u00e9 vers cette page : http:\/\/www.federation-auto-entrepreneur.fr\/petition.php<\/p>\n<div style=\"font-size: 75%; text-align: justify;\">&#8221; oui j&#8217;ai vu, leur titre s&#8217;\u00e9crit \u00ab PETITION \u00bb au lieu de P\u00c9TITION\u2026 \ud83d\ude09<\/div>\n","protected":false},"excerpt":{"rendered":"<p><span class=\"span-reading-time rt-reading-time\" style=\"display: block;\"><span class=\"rt-label rt-prefix\">Temps de lecture\u00a0: <\/span> <span class=\"rt-time\"> 3<\/span> <span class=\"rt-label rt-postfix\">minutes<\/span><\/span>J&#8217;ai souvent pens\u00e9 choisir ce statut et j&#8217;y pense encore, en me demandant quand cela sera le bon moment. Il semblerait que ce ne soit peut-\u00eatre pas le bon moment, car un vent de r\u00e9volte souffle dans le monde de l&#8217;auto entreprise, face aux projets de r\u00e9forme du statut. D\u00e9j\u00e0 au mois de d\u00e9cembre 2011, [&hellip;]<\/p>\n","protected":false},"author":1,"featured_media":0,"comment_status":"open","ping_status":"open","sticky":false,"template":"","format":"standard","meta":{"_s2mail":"","footnotes":""},"categories":[114],"tags":[25,26,28,27],"class_list":["post-94","post","type-post","status-publish","format-standard","hentry","category-business","tag-ae","tag-auto-entrepreneur","tag-reforme-auto-entrepreneur","tag-statut-entreprise"],"jetpack_featured_media_url":"","_links":{"self":[{"href":"https:\/\/orditux.org\/aol\/wp-json\/wp\/v2\/posts\/94","targetHints":{"allow":["GET"]}}],"collection":[{"href":"https:\/\/orditux.org\/aol\/wp-json\/wp\/v2\/posts"}],"about":[{"href":"https:\/\/orditux.org\/aol\/wp-json\/wp\/v2\/types\/post"}],"author":[{"embeddable":true,"href":"https:\/\/orditux.org\/aol\/wp-json\/wp\/v2\/users\/1"}],"replies":[{"embeddable":true,"href":"https:\/\/orditux.org\/aol\/wp-json\/wp\/v2\/comments?post=94"}],"version-history":[{"count":2,"href":"https:\/\/orditux.org\/aol\/wp-json\/wp\/v2\/posts\/94\/revisions"}],"predecessor-version":[{"id":2776,"href":"https:\/\/orditux.org\/aol\/wp-json\/wp\/v2\/posts\/94\/revisions\/2776"}],"wp:attachment":[{"href":"https:\/\/orditux.org\/aol\/wp-json\/wp\/v2\/media?parent=94"}],"wp:term":[{"taxonomy":"category","embeddable":true,"href":"https:\/\/orditux.org\/aol\/wp-json\/wp\/v2\/categories?post=94"},{"taxonomy":"post_tag","embeddable":true,"href":"https:\/\/orditux.org\/aol\/wp-json\/wp\/v2\/tags?post=94"}],"curies":[{"name":"wp","href":"https:\/\/api.w.org\/{rel}","templated":true}]}}