{"id":937,"date":"2017-02-23T14:05:23","date_gmt":"2017-02-23T12:05:23","guid":{"rendered":"http:\/\/orditux.org\/aol\/?p=937"},"modified":"2026-02-03T21:51:58","modified_gmt":"2026-02-03T19:51:58","slug":"prochaines-rencontres-linux-ariege","status":"publish","type":"post","link":"https:\/\/orditux.org\/aol\/2017\/02\/23\/prochaines-rencontres-linux-ariege\/","title":{"rendered":"Prochaines rencontres Linux Ari\u00e8ge"},"content":{"rendered":"<span class=\"span-reading-time rt-reading-time\" style=\"display: block;\"><span class=\"rt-label rt-prefix\">Temps de lecture\u00a0: <\/span> <span class=\"rt-time\"> &lt;\u00a01<\/span> <span class=\"rt-label rt-postfix\">minute<\/span><\/span><p style=\"text-align: justify;\"><em>Mise \u00e0 jour Janvier 2026 : le site n&#8217;est plus en ligne, faute d&#8217;activit\u00e9<\/em><br \/>\nL&#8217;association Linux Ari\u00e8ge, dont l&#8217;objectif est la promotion et l&#8217;entraide autour de l&#8217;utilisation des Logiciels libres, en particulier des syst\u00e8mes d&#8217;exploitation GNU\/Linux, une alternative au mod\u00e8le propri\u00e9taire dominant, a \u00e9t\u00e9 cr\u00e9\u00e9e au mois de f\u00e9vrier 2016.<\/p>\n<p style=\"text-align: justify;\">Depuis, nous avons cr\u00e9\u00e9 un site internet, des listes de discussions, organis\u00e9 deux rencontres, et enregistr\u00e9 l&#8217;adh\u00e9sion de pas mal de personnes.<\/p>\n<p style=\"text-align: justify;\">Nous reprenons les activit\u00e9s dans quelques jours, avec une rencontre organis\u00e9e le samedi 4 mars durant l&#8217;apr\u00e8s-midi. Vous trouverez tous les d\u00e9tails sur cet article : <em>Rencontres Logiciels libres mars 2017, diagnostic et \u00abinstall partie\u00bb<\/em><\/p>\n<p style=\"text-align: justify;\">Faites passer \u00e0 vos r\u00e9seaux !<\/p>\n","protected":false},"excerpt":{"rendered":"<p><span class=\"span-reading-time rt-reading-time\" style=\"display: block;\"><span class=\"rt-label rt-prefix\">Temps de lecture\u00a0: <\/span> <span class=\"rt-time\"> &lt;\u00a01<\/span> <span class=\"rt-label rt-postfix\">minute<\/span><\/span>Mise \u00e0 jour Janvier 2026 : le site n&#8217;est plus en ligne, faute d&#8217;activit\u00e9 L&#8217;association Linux Ari\u00e8ge, dont l&#8217;objectif est la promotion et l&#8217;entraide autour de l&#8217;utilisation des Logiciels libres, en particulier des syst\u00e8mes d&#8217;exploitation GNU\/Linux, une alternative au mod\u00e8le propri\u00e9taire dominant, a \u00e9t\u00e9 cr\u00e9\u00e9e au mois de f\u00e9vrier 2016. Depuis, nous avons cr\u00e9\u00e9 un [&hellip;]<\/p>\n","protected":false},"author":1,"featured_media":0,"comment_status":"open","ping_status":"open","sticky":false,"template":"","format":"standard","meta":{"_s2mail":"","footnotes":""},"categories":[109],"tags":[],"class_list":["post-937","post","type-post","status-publish","format-standard","hentry","category-gnulinux"],"jetpack_featured_media_url":"","_links":{"self":[{"href":"https:\/\/orditux.org\/aol\/wp-json\/wp\/v2\/posts\/937","targetHints":{"allow":["GET"]}}],"collection":[{"href":"https:\/\/orditux.org\/aol\/wp-json\/wp\/v2\/posts"}],"about":[{"href":"https:\/\/orditux.org\/aol\/wp-json\/wp\/v2\/types\/post"}],"author":[{"embeddable":true,"href":"https:\/\/orditux.org\/aol\/wp-json\/wp\/v2\/users\/1"}],"replies":[{"embeddable":true,"href":"https:\/\/orditux.org\/aol\/wp-json\/wp\/v2\/comments?post=937"}],"version-history":[{"count":3,"href":"https:\/\/orditux.org\/aol\/wp-json\/wp\/v2\/posts\/937\/revisions"}],"predecessor-version":[{"id":2839,"href":"https:\/\/orditux.org\/aol\/wp-json\/wp\/v2\/posts\/937\/revisions\/2839"}],"wp:attachment":[{"href":"https:\/\/orditux.org\/aol\/wp-json\/wp\/v2\/media?parent=937"}],"wp:term":[{"taxonomy":"category","embeddable":true,"href":"https:\/\/orditux.org\/aol\/wp-json\/wp\/v2\/categories?post=937"},{"taxonomy":"post_tag","embeddable":true,"href":"https:\/\/orditux.org\/aol\/wp-json\/wp\/v2\/tags?post=937"}],"curies":[{"name":"wp","href":"https:\/\/api.w.org\/{rel}","templated":true}]}}