{"id":762,"date":"2016-02-12T01:23:47","date_gmt":"2016-02-11T23:23:47","guid":{"rendered":"http:\/\/orditux.org\/aol\/?p=762"},"modified":"2026-02-03T21:31:07","modified_gmt":"2026-02-03T19:31:07","slug":"eco-industrie-locale-en-ariege-un-parapluie-en-pre-commande","status":"publish","type":"post","link":"https:\/\/orditux.org\/aol\/2016\/02\/12\/eco-industrie-locale-en-ariege-un-parapluie-en-pre-commande\/","title":{"rendered":"\u00c9co industrie locale en Ari\u00e8ge, un parapluie en pr\u00e9 commande"},"content":{"rendered":"<span class=\"span-reading-time rt-reading-time\" style=\"display: block;\"><span class=\"rt-label rt-prefix\">Temps de lecture\u00a0: <\/span> <span class=\"rt-time\"> &lt;\u00a01<\/span> <span class=\"rt-label rt-postfix\">minute<\/span><\/span><p style=\"text-align: justify;\">Avez-vous d\u00e9j\u00e0 entendu parler de l&#8217;\u00e9co-industrie locale ? C&#8217;est l&#8217;id\u00e9e de revenir au d\u00e9veloppement de petites industries faisant vivre les r\u00e9gions recul\u00e9es, loin des villes, un peu comme dans l&#8217;ancien temps mais avec les moyens actuels.<\/p>\n<p><iframe loading=\"lazy\" title=\"Vers une eco-industrie locale- Luc DANDO\" width=\"646\" height=\"363\" src=\"https:\/\/www.youtube.com\/embed\/rQMbzV5v5mA?feature=oembed\" frameborder=\"0\" allow=\"accelerometer; autoplay; clipboard-write; encrypted-media; gyroscope; picture-in-picture; web-share\" referrerpolicy=\"strict-origin-when-cross-origin\" allowfullscreen><\/iframe><\/p>\n<p style=\"text-align: justify;\">Luc DANDO en imagine le concept, le pr\u00e9sente dans son livre, <a href=\"http:\/\/www.eco-industrie-locale.fr\/livre\/\">Vers une Eco-Industrie Locale<\/a> et nous propose cette question<\/p>\n<blockquote><p>Et si les petits objets que nous utilisons chaque jour \u00e9taient <strong>robustes<\/strong>, <strong>r\u00e9parables<\/strong>, produits localement dans le <strong>respect de l&#8217;Homme<\/strong> et de l&#8217;<strong>environnement<\/strong>?<\/p><\/blockquote>\n<p style=\"text-align: justify;\">L&#8217;ensemble du projet est situ\u00e9 en l&#8217;Ari\u00e8ge, d\u00e9couvrez-le plus en d\u00e9tails : <a href=\"http:\/\/www.eco-industrie-locale.fr\" target=\"_blank\" rel=\"noopener noreferrer\">http:\/\/www.eco-industrie-locale.fr<\/a>.<\/p>\n","protected":false},"excerpt":{"rendered":"<p><span class=\"span-reading-time rt-reading-time\" style=\"display: block;\"><span class=\"rt-label rt-prefix\">Temps de lecture\u00a0: <\/span> <span class=\"rt-time\"> &lt;\u00a01<\/span> <span class=\"rt-label rt-postfix\">minute<\/span><\/span>Avez-vous d\u00e9j\u00e0 entendu parler de l&#8217;\u00e9co-industrie locale ? C&#8217;est l&#8217;id\u00e9e de revenir au d\u00e9veloppement de petites industries faisant vivre les r\u00e9gions recul\u00e9es, loin des villes, un peu comme dans l&#8217;ancien temps mais avec les moyens actuels. Luc DANDO en imagine le concept, le pr\u00e9sente dans son livre, Vers une Eco-Industrie Locale et nous propose cette [&hellip;]<\/p>\n","protected":false},"author":1,"featured_media":0,"comment_status":"open","ping_status":"open","sticky":false,"template":"","format":"standard","meta":{"_s2mail":"","footnotes":""},"categories":[17],"tags":[],"class_list":["post-762","post","type-post","status-publish","format-standard","hentry","category-societe"],"jetpack_featured_media_url":"","_links":{"self":[{"href":"https:\/\/orditux.org\/aol\/wp-json\/wp\/v2\/posts\/762","targetHints":{"allow":["GET"]}}],"collection":[{"href":"https:\/\/orditux.org\/aol\/wp-json\/wp\/v2\/posts"}],"about":[{"href":"https:\/\/orditux.org\/aol\/wp-json\/wp\/v2\/types\/post"}],"author":[{"embeddable":true,"href":"https:\/\/orditux.org\/aol\/wp-json\/wp\/v2\/users\/1"}],"replies":[{"embeddable":true,"href":"https:\/\/orditux.org\/aol\/wp-json\/wp\/v2\/comments?post=762"}],"version-history":[{"count":2,"href":"https:\/\/orditux.org\/aol\/wp-json\/wp\/v2\/posts\/762\/revisions"}],"predecessor-version":[{"id":2820,"href":"https:\/\/orditux.org\/aol\/wp-json\/wp\/v2\/posts\/762\/revisions\/2820"}],"wp:attachment":[{"href":"https:\/\/orditux.org\/aol\/wp-json\/wp\/v2\/media?parent=762"}],"wp:term":[{"taxonomy":"category","embeddable":true,"href":"https:\/\/orditux.org\/aol\/wp-json\/wp\/v2\/categories?post=762"},{"taxonomy":"post_tag","embeddable":true,"href":"https:\/\/orditux.org\/aol\/wp-json\/wp\/v2\/tags?post=762"}],"curies":[{"name":"wp","href":"https:\/\/api.w.org\/{rel}","templated":true}]}}