{"id":732,"date":"2015-07-06T23:36:54","date_gmt":"2015-07-06T21:36:54","guid":{"rendered":"http:\/\/orditux.org\/aol\/?p=732"},"modified":"2026-02-24T19:33:00","modified_gmt":"2026-02-24T17:33:00","slug":"logiciels-libres-au-festival-resistances-a-foix-10-et-11-juillet","status":"publish","type":"post","link":"https:\/\/orditux.org\/aol\/2015\/07\/06\/logiciels-libres-au-festival-resistances-a-foix-10-et-11-juillet\/","title":{"rendered":"Logiciels libres au Festival R\u00e9sistances \u00e0 Foix 10 et 11 juillet"},"content":{"rendered":"<span class=\"span-reading-time rt-reading-time\" style=\"display: block;\"><span class=\"rt-label rt-prefix\">Temps de lecture\u00a0: <\/span> <span class=\"rt-time\"> &lt;\u00a01<\/span> <span class=\"rt-label rt-postfix\">minute<\/span><\/span><p style=\"text-align: justify;\">Un petit mot rapide pour parler du <a href=\"http:\/\/festival-resistances.fr\/\" target=\"_blank\" rel=\"noopener\">Festival R\u00e9sistances de Foix<\/a>, qui a lieu en ce moment, depuis le 3 juillet et se poursuivra jusqu&#8217;au 11 juillet prochain inclus.<\/p>\n<p style=\"text-align: justify;\"><a  href=\"https:\/\/i0.wp.com\/orditux.org\/aol\/files\/2015\/07\/festival-resistances.png\" data-rel=\"lightbox-gallery-0\" data-rl_title=\"\" data-rl_caption=\"\" data-imagelightbox=\"0\"><img data-recalc-dims=\"1\" decoding=\"async\" class=\"alignleft wp-image-733 size-medium\" title=\"\" src=\"https:\/\/i0.wp.com\/orditux.org\/aol\/files\/2015\/07\/festival-resistances-210x300.png?resize=210%2C300\" alt=\"Festival R\u00e9sistances\" width=\"210\" height=\"300\" srcset=\"https:\/\/i0.wp.com\/orditux.org\/aol\/files\/2015\/07\/festival-resistances.png?resize=210%2C300&amp;ssl=1 210w, https:\/\/i0.wp.com\/orditux.org\/aol\/files\/2015\/07\/festival-resistances.png?resize=17%2C24&amp;ssl=1 17w, https:\/\/i0.wp.com\/orditux.org\/aol\/files\/2015\/07\/festival-resistances.png?resize=25%2C36&amp;ssl=1 25w, https:\/\/i0.wp.com\/orditux.org\/aol\/files\/2015\/07\/festival-resistances.png?resize=34%2C48&amp;ssl=1 34w, https:\/\/i0.wp.com\/orditux.org\/aol\/files\/2015\/07\/festival-resistances.png?w=595&amp;ssl=1 595w\" sizes=\"(max-width: 210px) 100vw, 210px\" \/><\/a>L&#8217;objectif de ce festival ?<\/p>\n<blockquote><p>promouvoir un cin\u00e9ma engag\u00e9, rarement diffus\u00e9, proposer un nouveau regard sur le monde !<\/p><\/blockquote>\n<p style=\"text-align: justify;\">Les d\u00e9tails sont sur <a href=\"http:\/\/festival-resistances.fr\/Contacts.html\" target=\"_blank\" rel=\"noopener\">cette page<\/a>.<\/p>\n<p style=\"text-align: justify;\">Le monde du libre dans le Festival : pr\u00e9sent\u00e9 le plus souvent sous les termes &#8220;mouvement du libre&#8221;, &#8220;Logiciels libres&#8221;, ou &#8220;Open source&#8221;, le monde du Logiciel libre cr\u00e9\u00e9 par Richard Matthiew Stallman, dont nous avions parl\u00e9 dans <a href=\"http:\/\/orditux.org\/aol\/2013\/06\/14\/le-systeme-gnu\/\">Le syst\u00e8me GNU<\/a> est \u00e0 l&#8217;honneur avec une conf\u00e9rence anim\u00e9e par \u201cPouhiou\u201d de l&#8217;association Framasoft le vendredi 10.<\/p>\n<p style=\"text-align: justify;\">Le samedi 11 aura lieu une install party anim\u00e9e par l&#8217;association Toulibre de Toulouse, en compagnie de quelques professionnels de l&#8217;Ari\u00e8ge sp\u00e9cialis\u00e9s dans le Logiciel libre.<\/p>\n<p style=\"text-align: justify;\">Retrouvez ci-apr\u00e8s tous les d\u00e9tails de la programmation du festival !<\/p>\n<p style=\"text-align: justify;\"><a href=\"http:\/\/orditux.org\/wp-content\/uploads\/programme_horaire_2015.pdf\" target=\"_blank\" rel=\"noopener\"><img data-recalc-dims=\"1\" decoding=\"async\" class=\"alignleft wp-image-335 size-full\" title=\"programme_horaire_2015.pdf\" src=\"https:\/\/i0.wp.com\/orditux.org\/aol\/files\/2013\/09\/pdf.png?resize=15%2C18\" alt=\"programme_horaire_2015.pdf\" width=\"15\" height=\"18\" \/><\/a><\/p>\n<p style=\"text-align: justify;\"><a href=\"http:\/\/orditux.org\/wp-content\/uploads\/programme_horaire_2015.pdf\" target=\"_blank\" rel=\"noopener\">programme_horaire_2015.pdf<\/a><\/p>\n<p style=\"text-align: justify;\">\n","protected":false},"excerpt":{"rendered":"<p><span class=\"span-reading-time rt-reading-time\" style=\"display: block;\"><span class=\"rt-label rt-prefix\">Temps de lecture\u00a0: <\/span> <span class=\"rt-time\"> &lt;\u00a01<\/span> <span class=\"rt-label rt-postfix\">minute<\/span><\/span>Un petit mot rapide pour parler du Festival R\u00e9sistances de Foix, qui a lieu en ce moment, depuis le 3 juillet et se poursuivra jusqu&#8217;au 11 juillet prochain inclus. L&#8217;objectif de ce festival ? promouvoir un cin\u00e9ma engag\u00e9, rarement diffus\u00e9, proposer un nouveau regard sur le monde ! Les d\u00e9tails sont sur cette page. Le [&hellip;]<\/p>\n","protected":false},"author":1,"featured_media":0,"comment_status":"open","ping_status":"open","sticky":false,"template":"","format":"standard","meta":{"_s2mail":"","footnotes":""},"categories":[4],"tags":[],"class_list":["post-732","post","type-post","status-publish","format-standard","hentry","category-logiciels-libres"],"jetpack_featured_media_url":"","_links":{"self":[{"href":"https:\/\/orditux.org\/aol\/wp-json\/wp\/v2\/posts\/732","targetHints":{"allow":["GET"]}}],"collection":[{"href":"https:\/\/orditux.org\/aol\/wp-json\/wp\/v2\/posts"}],"about":[{"href":"https:\/\/orditux.org\/aol\/wp-json\/wp\/v2\/types\/post"}],"author":[{"embeddable":true,"href":"https:\/\/orditux.org\/aol\/wp-json\/wp\/v2\/users\/1"}],"replies":[{"embeddable":true,"href":"https:\/\/orditux.org\/aol\/wp-json\/wp\/v2\/comments?post=732"}],"version-history":[{"count":1,"href":"https:\/\/orditux.org\/aol\/wp-json\/wp\/v2\/posts\/732\/revisions"}],"predecessor-version":[{"id":2817,"href":"https:\/\/orditux.org\/aol\/wp-json\/wp\/v2\/posts\/732\/revisions\/2817"}],"wp:attachment":[{"href":"https:\/\/orditux.org\/aol\/wp-json\/wp\/v2\/media?parent=732"}],"wp:term":[{"taxonomy":"category","embeddable":true,"href":"https:\/\/orditux.org\/aol\/wp-json\/wp\/v2\/categories?post=732"},{"taxonomy":"post_tag","embeddable":true,"href":"https:\/\/orditux.org\/aol\/wp-json\/wp\/v2\/tags?post=732"}],"curies":[{"name":"wp","href":"https:\/\/api.w.org\/{rel}","templated":true}]}}