{"id":721,"date":"2015-06-09T01:29:22","date_gmt":"2015-06-08T23:29:22","guid":{"rendered":"http:\/\/orditux.org\/aol\/?p=721"},"modified":"2026-02-24T19:32:27","modified_gmt":"2026-02-24T17:32:27","slug":"skiller-fr-partager-des-competences-professionnelles","status":"publish","type":"post","link":"https:\/\/orditux.org\/aol\/2015\/06\/09\/skiller-fr-partager-des-competences-professionnelles\/","title":{"rendered":"Skiller.fr partager des comp\u00e9tences professionnelles"},"content":{"rendered":"<span class=\"span-reading-time rt-reading-time\" style=\"display: block;\"><span class=\"rt-label rt-prefix\">Temps de lecture\u00a0: <\/span> <span class=\"rt-time\"> 6<\/span> <span class=\"rt-label rt-postfix\">minutes<\/span><\/span><h2 style=\"text-align: justify;\">Objectifs de vie, moyens de les atteindre<\/h2>\n<p style=\"text-align: justify;\">Qu&#8217;est-ce qui compte le plus dans la vie pour vous ? Est-ce le travail, la sant\u00e9, l&#8217;argent, le bonheur, voire un peu tout \u00e7a ? Si on vous le demande que r\u00e9pondriez-vous en premier ?<\/p>\n<p style=\"text-align: justify;\"><a href=\"https:\/\/skiller.fr\" target=\"_blank\" rel=\"noopener noreferrer\"><img data-recalc-dims=\"1\" decoding=\"async\" class=\"aligncenter wp-image-676 size-medium\" title=\"Site internet Skiller.fr\" src=\"https:\/\/i0.wp.com\/orditux.org\/aol\/files\/2015\/06\/skiller-fr-petit1.png?resize=300%2C187&#038;ssl=1\" alt=\"Site internet Skiller.fr\" width=\"300\" height=\"187\" srcset=\"https:\/\/i0.wp.com\/orditux.org\/aol\/files\/2015\/06\/skiller-fr-petit1.png?resize=300%2C187&amp;ssl=1 300w, https:\/\/i0.wp.com\/orditux.org\/aol\/files\/2015\/06\/skiller-fr-petit1.png?resize=24%2C15&amp;ssl=1 24w, https:\/\/i0.wp.com\/orditux.org\/aol\/files\/2015\/06\/skiller-fr-petit1.png?resize=36%2C22&amp;ssl=1 36w, https:\/\/i0.wp.com\/orditux.org\/aol\/files\/2015\/06\/skiller-fr-petit1.png?resize=48%2C30&amp;ssl=1 48w, https:\/\/i0.wp.com\/orditux.org\/aol\/files\/2015\/06\/skiller-fr-petit1.png?w=380&amp;ssl=1 380w\" sizes=\"(max-width: 300px) 100vw, 300px\" \/><\/a><\/p>\n<p style=\"text-align: justify;\"><a href=\"http:\/\/skiller.fr\/\" target=\"_blank\" rel=\"noopener noreferrer\">Skiller.fr<\/a> n&#8217;a pas la pr\u00e9tention je crois, de r\u00e9pondre \u00e0 une question aussi difficile. Cependant, la cr\u00e9ation de ce nouveau r\u00e9seau social professionnel offre un espace pour trouver des r\u00e9ponses \u00e0 beaucoup de questions. D\u00e9di\u00e9 aux professionnels, il permet de r\u00e9soudre un des grands probl\u00e8mes actuels : trouver des r\u00e9ponses de professionnels et d&#8217;experts reconnus dans leurs domaines tout en tissant des liens. Sous cet objectif tr\u00e8s simple on peut voir appara\u00eetre l&#8217;id\u00e9e de travail passion.<\/p>\n<p style=\"text-align: justify;\"><a href=\"https:\/\/skiller.fr\" target=\"_blank\" rel=\"noopener noreferrer\"><img data-recalc-dims=\"1\" decoding=\"async\" class=\"wp-image-676 size-full alignleft\" title=\"Site internet Skiller.fr\" src=\"https:\/\/i0.wp.com\/orditux.org\/aol\/files\/2015\/06\/skiller-fr-petit1.png?resize=380%2C237\" alt=\"Site internet Skiller.fr\" width=\"380\" height=\"237\" srcset=\"https:\/\/i0.wp.com\/orditux.org\/aol\/files\/2015\/06\/skiller-fr-petit1.png?w=380&amp;ssl=1 380w, https:\/\/i0.wp.com\/orditux.org\/aol\/files\/2015\/06\/skiller-fr-petit1.png?resize=300%2C187&amp;ssl=1 300w, https:\/\/i0.wp.com\/orditux.org\/aol\/files\/2015\/06\/skiller-fr-petit1.png?resize=24%2C15&amp;ssl=1 24w, https:\/\/i0.wp.com\/orditux.org\/aol\/files\/2015\/06\/skiller-fr-petit1.png?resize=36%2C22&amp;ssl=1 36w, https:\/\/i0.wp.com\/orditux.org\/aol\/files\/2015\/06\/skiller-fr-petit1.png?resize=48%2C30&amp;ssl=1 48w\" sizes=\"(max-width: 380px) 100vw, 380px\" \/><\/a>Vous avez dit &#8220;Skiller&#8221; ?<\/p>\n<p style=\"text-align: justify;\">De l&#8217;anglais &#8220;skill&#8221;, habilet\u00e9. Les \u201cskillers\u201d, sont des personnes dot\u00e9es de savoirs \u00e9prouv\u00e9s par l&#8217;exp\u00e9rience, des professionnels venant de divers horizons.<\/p>\n<p style=\"text-align: justify;\">Je vous vois bien vous dire \u201cUn nouveau r\u00e9seau professionnel ? Pour quoi faire ?\u201d <a href=\"http:\/\/skiller.fr\/\" target=\"_blank\" rel=\"noopener noreferrer\">Skiller.fr<\/a> est un r\u00e9seau qui s&#8217;est cr\u00e9\u00e9 \u00e0 Toulouse depuis quelques mois seulement et se d\u00e9veloppe \u00e0 grande vitesse. L&#8217;objectif annonc\u00e9 est de mettre en contact des professionnels qui \u00e9changent des questions et des r\u00e9ponses dans leurs domaines ou dans un cadre plus large. Cette forme d&#8217;\u00e9changes a de beaux jours \u00e0 vivre gr\u00e2ce aux technologies du web, lesquelles sont tr\u00e8s efficaces lorsqu&#8217;elles sont bien employ\u00e9es.<\/p>\n<p style=\"text-align: justify;\">Je m&#8217;en vais vous conter ma petite histoire (@my_life inside \ud83d\ude09 ). Je vous ai parl\u00e9 <a href=\"http:\/\/orditux.org\/aol\/2015\/05\/28\/le-portage-salarial-lanti-prise-de-tete\/\" target=\"_blank\" rel=\"noopener noreferrer\">derni\u00e8rement<\/a> de 2i Portage, ma soci\u00e9t\u00e9 de Portage salarial. Celle-ci anime r\u00e9guli\u00e8rement des ateliers \u00e0 <a href=\"http:\/\/lacantine-toulouse.org\/\" target=\"_blank\" rel=\"noopener noreferrer\">La Cantine de Toulouse.<\/a> Je m&#8217;y rends aussi de temps en temps pour d&#8217;autres <a href=\"http:\/\/lacantine-toulouse.org\/nos-evenements\" target=\"_blank\" rel=\"noopener noreferrer\">\u00e9v\u00e9nements<\/a>, et j&#8217;y ai vu une annonce pour une <em>Skiller night<\/em>. Intrigu\u00e9e j&#8217;ai suivi la piste vers le site officiel, et voyant le niveau des questions et des r\u00e9ponses, j&#8217;ai eu tout de suite envie de demander une invitation pour m&#8217;y inscrire.<\/p>\n<p style=\"text-align: justify;\">Depuis mon inscription le 27 mai dernier, j&#8217;ai pu lire des r\u00e9ponses, des questions, en poser et ainsi de suite, en toute libert\u00e9, avec une interactivit\u00e9 qu&#8217;on ne trouve pas ailleurs sur d&#8217;autres r\u00e9seaux professionnels.<\/p>\n<p style=\"text-align: justify;\">Comment <a href=\"http:\/\/skiller.fr\/\" target=\"_blank\" rel=\"noopener noreferrer\">Skiller.fr<\/a> est-il n\u00e9 ? J\u00e9r\u00f4me Introvigne, le fondateur, est un cr\u00e9ateur et un op\u00e9rateur de dynamisme en entreprise. Comment d\u00e9crire autrement en langage courant un m\u00e9tier dont l&#8217;\u00e9nonc\u00e9 officiel semble par essence obscur ? \u201cCharg\u00e9 de l\u2019innovation manag\u00e9riale\u201d, \u201cEn charge de l&#8217;innovation\u201d, cela vous parle-t-il aussi peu qu&#8217;\u00e0 moi ? \ud83d\ude42<\/p>\n<p style=\"text-align: justify;\">Pour comprendre comment ce r\u00e9seau est n\u00e9, il faut d&#8217;abord observer les \u00e9volutions dans le monde du travail. La description d\u00e9taill\u00e9e de <a href=\"http:\/\/youpress.fr\/2014\/12\/bye-bye-big-boss\/\" target=\"_blank\" rel=\"noopener noreferrer\">changements op\u00e9r\u00e9s dans diverses grosses soci\u00e9t\u00e9s<\/a> m&#8217;a aid\u00e9e \u00e0 y voir plus clair sur les innovations r\u00e9alis\u00e9es. Ce sont de v\u00e9ritables r\u00e9volutions dans la mani\u00e8re de concevoir la r\u00e9partition des responsabilit\u00e9s, et \u00e7a change tout !<\/p>\n<blockquote><p>\u2026De m\u00eame chez Poult, l\u2019innovation doit \u00eatre l\u2019affaire de chacun. \u00abOn travaille \u00e0 l\u2019innovation par tous, pour tous\u00bb, r\u00e9sume comme un slogan J\u00e9r\u00f4me Introvigne. Il existe bien un service Recherche &amp; D\u00e9veloppement \u00e0 Poult, mais il n\u2019est pas d\u00e9cisionnaire des prochaines innovations(\u2026)<\/p><\/blockquote>\n<p style=\"text-align: justify;\">Enfin, apr\u00e8s des d\u00e9cennies de d\u00e9couragement, de regrets, de r\u00e9signation, ceux qui produisent les richesses de ces entreprises \u2013 depuis les simples ouvriers jusqu\u2019aux hi\u00e9rarchies plus \u00e9lev\u00e9es \u2013 seront enfin appr\u00e9ci\u00e9s pour leurs contributions et plus seulement pour ex\u00e9cuter les ingrates t\u00e2ches d\u2019ex\u00e9cution r\u00e9p\u00e9titives du travail \u00e0 la cha\u00eene.<\/p>\n<p style=\"text-align: justify;\">Si les exemples de Poult et de <a href=\"http:\/\/www.contrepoints.org\/2015\/06\/04\/209743-existe-t-il-de-grandes-entreprises-liberees\" target=\"_blank\" rel=\"noopener noreferrer\">quelques autres<\/a> soci\u00e9t\u00e9s se voient progressivement suivis par l&#8217;ensemble des compagnies fran\u00e7aise et d&#8217;ailleurs, alors oui, il y aura des changements ! Et ils rel\u00e9gueront les m\u00e9thodes de gestion du travail telles que nous les connaissons depuis le XXi\u00e8me si\u00e8cle \u00e0 des m\u00e9thodes obscurantistes, ce sera le pass\u00e9, les \u00abtemps d&#8217;avant\u00bb.<\/p>\n<p style=\"text-align: justify;\">J\u00e9r\u00f4me Introvigne vient de passer plusieurs ann\u00e9es au service de cette biscuiterie, o\u00f9 les ouvriers sont reconnus depuis environ dix ans comme faisant partie de l&#8217;intelligence collective de l&#8217;entreprise et contribuent de mani\u00e8re effective au d\u00e9veloppement de leur outil de travail. Esp\u00e9rons que des exemples tels que celui-ci feront tache d&#8217;huile afin de d\u00e9montrer que loin de vouloir en faire le moins possible tout en gagnant \u201cde gros salaires\u201d comme le pr\u00e9tendait <a href=\"http:\/\/www.lesechos.fr\/19\/02\/2013\/lesechos.fr\/0202577006715_goodyear---la-lettre-de-titan-a-montebourg.htm\" target=\"_blank\" rel=\"noopener noreferrer\">le PDG de Titan<\/a> il y a une paire d&#8217;ann\u00e9es, le personnel des soci\u00e9t\u00e9s fran\u00e7aises souhaiterait le plus souvent \u00eatre impliqu\u00e9 et voir ses id\u00e9es prises en compte.<\/p>\n<p style=\"text-align: justify;\">C&#8217;est avec cet \u00e9tat d&#8217;esprit et des id\u00e9es issues de ces ann\u00e9es chez Poult que J\u00e9r\u00f4me Introvigne a cr\u00e9\u00e9 le r\u00e9seau professionnel Skiller.fr. Je lui ai demand\u00e9 comment lui est venue l&#8217;id\u00e9e de quitter un poste o\u00f9 il occupait une fonction brillante. Voici ce qu&#8217;il nous dit sur son changement de situation :<\/p>\n<blockquote><p>Je suis parti apr\u00e8s 8 ans et demi, car il \u00e9tait temps pour moi de passer \u00e0 autre chose.<\/p><\/blockquote>\n<p style=\"text-align: justify;\">Et ce que j&#8217;ai lu sur sa conf\u00e9rence sur Linkedin :<\/p>\n<blockquote><p>(\u2026) Il y a quelques mois, j\u2019\u00e9tais bien au chaud dans cette belle entreprise d\u00e9sormais c\u00e9l\u00e8bre, non pas pour ses produits, mais pour son mod\u00e8le de management\u2026 Poult !<br \/>\nUne entreprise sans comit\u00e9 de direction, sans silos fonctionnels, sans titre ni prime, dans laquelle les d\u00e9cisions strat\u00e9giques sont prises par des collectifs repr\u00e9sentatifs et tournants \u2026 qui est devenue le mod\u00e8le de management en France. (\u2026) \u00c0 force de lib\u00e9rer Poult, j\u2019ai fini par me lib\u00e9rer moi-m\u00eame.<\/p><\/blockquote>\n<p style=\"text-align: justify;\">J\u00e9r\u00f4me Introvigne est un start-upper comme il se d\u00e9finit lui-m\u00eame, et surtout le cr\u00e9ateur d&#8217;un r\u00e9seau professionnel o\u00f9 les membres apportent la mati\u00e8re pour les \u00e9changes. Il construit ce r\u00e9seau (encore en cours de d\u00e9veloppement) \u00e0 partir de son exp\u00e9rience, avec l&#8217;aide d&#8217;un magicien-d\u00e9veloppeur et <a href=\"https:\/\/medium.com\/@oimoci\/mais-papa-tu-ne-travailles-plus-tu-passes-tes-journees-sur-facebook-f13c2d137865\" target=\"_blank\" rel=\"noopener noreferrer\">le soutien<\/a> de sa famille. Voici les paroles de J\u00e9r\u00f4me \u00e0 propos de sa d\u00e9marche:<\/p>\n<blockquote><p>Avant de cr\u00e9er Skiller, j&#8217;\u00e9tais en charge de l&#8217;innovation pour le Groupe<br \/>\nPoult, et j&#8217;ai eu l&#8217;occasion de pousser tr\u00e8s loin les curseurs de<br \/>\nl&#8217;innovation, et notamment de travailler \u00e0 inscrire Poult au coeur d&#8217;un<br \/>\n\u00e9cosyst\u00e8me tr\u00e8s riche.<br \/>\nDans le monde de l&#8217;innovation, on est confront\u00e9 chaque jour \u00e0 un nouveau<br \/>\nprobl\u00e8me qu&#8217;on ne sait pas adresser, d&#8217;o\u00f9 l&#8217;int\u00e9r\u00eat de collaborer avec les<br \/>\nacteurs de son \u00e9cosyst\u00e8me, et de partager des comp\u00e9tences. Au-del\u00e0 de cet<br \/>\naspect pratique, la r\u00e9volution en cours dans le monde du travail et sa<br \/>\ndigitalisation, mais aussi deux tendances fortes que sont l&#8217;\u00e9conomie du<br \/>\npartage et l&#8217;open-innovation, m&#8217;ont amen\u00e9 \u00e0 imaginer Skiller, comme une<br \/>\nr\u00e9ponse positive \u00e0 cette transformation, une place de march\u00e9 collaborative<br \/>\nde comp\u00e9tences pros.<\/p>\n<p>Par ailleurs, la premi\u00e8re attente des travailleurs du monde occidental est<br \/>\nla reconnaissance, et plus pr\u00e9cis\u00e9ment la reconnaissance \u00e0 priori de ses<br \/>\ncomp\u00e9tences, ses capacit\u00e9s, ses savoirs-faire\u2026 Ce que l&#8217;entreprise<br \/>\ntraditionnelle ne sait plus offrir malheureusement.<\/p>\n<p>Skiller, c&#8217;est le travail 2.0, le AirB&amp;B des comp\u00e9tences !<\/p>\n<p>L&#8217;objectif annonc\u00e9 est d&#8217;atteindre 10.000 utilisateurs d&#8217;ici la fin de<br \/>\nl&#8217;ann\u00e9e et disons que c&#8217;est bien parti ! Nous serons bient\u00f4t 1000, avec un<br \/>\nniveau d&#8217;engagement exceptionnel, \u00e0 d\u00e9montrer qu&#8217;il existe une place pour<br \/>\nle collaboratif dans le monde du travail et \u00e0 partager nos comp\u00e9tences<br \/>\npros, gratuitement, dans la bienveillance.<\/p>\n<p>Nous sommes 3 \u00e0 travailler sur Skiller actuellement, et nous en sommes d\u00e9j\u00e0<br \/>\n\u00e0 la question du financement de la suite et de la croissance, dont<br \/>\nl&#8217;international \u00e9videmment.<\/p>\n<p>Deux nombres pour finir : 30.000 sessions en 4 mois et plus de 150.000<br \/>\npages vues.<\/p><\/blockquote>\n<p style=\"text-align: justify;\">L&#8217;inscription \u00e0 <a href=\"http:\/\/skiller.fr\/\" target=\"_blank\" rel=\"noopener noreferrer\">Skiller.fr<\/a> est gratuite, sous r\u00e9serve de requ\u00e9rir une invitation. Alors les skilleriens sont-ils des produits ? Je r\u00e9pondrai par la n\u00e9gative, les \u00e9changes de questions et r\u00e9ponses se font librement et les inscrits sont les premiers b\u00e9n\u00e9ficiaires de la dynamique de groupe. Tant que le syst\u00e8me fonctionne de cette mani\u00e8re et dans cet \u00e9tat d&#8217;esprit, tous les acteurs de ce syst\u00e8me sont gagnants.<\/p>\n<p style=\"text-align: justify;\">Les Skillers sont-t-ils des libristes ? Je dirais que dans l&#8217;ensemble, ils ne semblent pas tr\u00e8s concern\u00e9s par la probl\u00e9matique pos\u00e9e par les licences logicielles et les formats propri\u00e9taires. Cependant le mode participatif des skillers, tr\u00e8s ouvert, et le mode de contribution participative des libristes s&#8217;inspirent de la m\u00eame philosophie de partage. Je ne serais pas \u00e9tonn\u00e9e que de nombreux membres du r\u00e9seau skiller.fr portent un \u0153il neuf sur les technologies du monde du Libre dans les temps \u00e0 venir.<\/p>\n<p style=\"text-align: justify;\">J\u00e9r\u00f4me Introvigne est-il sensible \u00e0 l&#8217;influence que le Logiciel libre a eue sur l&#8217;\u00e9volution du monde depuis la cr\u00e9ation des premi\u00e8res licences libres ? \u00c0 n&#8217;en pas douter, d&#8217;apr\u00e8s sa r\u00e9ponse : \u00abil est \u00e9vident que le monde num\u00e9rique a des ann\u00e9es d&#8217;avance sur le monde du travail ! Stackoverflow et l&#8217;open-source sont des sources d&#8217;inspiration \u00e9videntes&#8230;\u00bb<\/p>\n","protected":false},"excerpt":{"rendered":"<p><span class=\"span-reading-time rt-reading-time\" style=\"display: block;\"><span class=\"rt-label rt-prefix\">Temps de lecture\u00a0: <\/span> <span class=\"rt-time\"> 6<\/span> <span class=\"rt-label rt-postfix\">minutes<\/span><\/span>Objectifs de vie, moyens de les atteindre Qu&#8217;est-ce qui compte le plus dans la vie pour vous ? Est-ce le travail, la sant\u00e9, l&#8217;argent, le bonheur, voire un peu tout \u00e7a ? Si on vous le demande que r\u00e9pondriez-vous en premier ? Skiller.fr n&#8217;a pas la pr\u00e9tention je crois, de r\u00e9pondre \u00e0 une question aussi [&hellip;]<\/p>\n","protected":false},"author":1,"featured_media":0,"comment_status":"open","ping_status":"open","sticky":false,"template":"","format":"standard","meta":{"_s2mail":"","footnotes":""},"categories":[17],"tags":[102,104,82,103],"class_list":["post-721","post","type-post","status-publish","format-standard","hentry","category-societe","tag-competences-professionnelles","tag-innovation","tag-reseaux-sociaux","tag-skiller-fr"],"jetpack_featured_media_url":"","_links":{"self":[{"href":"https:\/\/orditux.org\/aol\/wp-json\/wp\/v2\/posts\/721","targetHints":{"allow":["GET"]}}],"collection":[{"href":"https:\/\/orditux.org\/aol\/wp-json\/wp\/v2\/posts"}],"about":[{"href":"https:\/\/orditux.org\/aol\/wp-json\/wp\/v2\/types\/post"}],"author":[{"embeddable":true,"href":"https:\/\/orditux.org\/aol\/wp-json\/wp\/v2\/users\/1"}],"replies":[{"embeddable":true,"href":"https:\/\/orditux.org\/aol\/wp-json\/wp\/v2\/comments?post=721"}],"version-history":[{"count":2,"href":"https:\/\/orditux.org\/aol\/wp-json\/wp\/v2\/posts\/721\/revisions"}],"predecessor-version":[{"id":2814,"href":"https:\/\/orditux.org\/aol\/wp-json\/wp\/v2\/posts\/721\/revisions\/2814"}],"wp:attachment":[{"href":"https:\/\/orditux.org\/aol\/wp-json\/wp\/v2\/media?parent=721"}],"wp:term":[{"taxonomy":"category","embeddable":true,"href":"https:\/\/orditux.org\/aol\/wp-json\/wp\/v2\/categories?post=721"},{"taxonomy":"post_tag","embeddable":true,"href":"https:\/\/orditux.org\/aol\/wp-json\/wp\/v2\/tags?post=721"}],"curies":[{"name":"wp","href":"https:\/\/api.w.org\/{rel}","templated":true}]}}