{"id":62,"date":"2012-05-13T05:39:20","date_gmt":"2012-05-13T03:39:20","guid":{"rendered":"http:\/\/orditux.org\/aol\/?p=62"},"modified":"2026-02-03T21:02:27","modified_gmt":"2026-02-03T19:02:27","slug":"compteurs-electriques-linky-ufc-que-choisir-saisit-le-conseil-detat-dun-recours","status":"publish","type":"post","link":"https:\/\/orditux.org\/aol\/2012\/05\/13\/compteurs-electriques-linky-ufc-que-choisir-saisit-le-conseil-detat-dun-recours\/","title":{"rendered":"Compteurs \u00e9lectriques Linky, UFC Que Choisir saisit le Conseil d\u2019Etat d\u2019un recours"},"content":{"rendered":"<span class=\"span-reading-time rt-reading-time\" style=\"display: block;\"><span class=\"rt-label rt-prefix\">Temps de lecture\u00a0: <\/span> <span class=\"rt-time\"> 2<\/span> <span class=\"rt-label rt-postfix\">minutes<\/span><\/span><p style=\"text-align: justify;\">En bref et en quelques mots, ERDF promet des merveilles avec un nouveau compteur dont le seul int\u00e9r\u00eat serait de procurer un b\u00e9n\u00e9fice consid\u00e9rable \u00e0 ERDF, et ce, au d\u00e9triment des usagers, contrairement \u00e0 ce qu&#8217;\u00e9nonce la campagne.<\/p>\n<p style=\"text-align: justify;\">De plus, l&#8217;installation de ce compteur (payant, cher, et non pris en charge) serait rendue obligatoire par un texte d\u00e9j\u00e0 \u00e9crit.<\/p>\n<blockquote><p>Si les n\u00e9gociations entre ERDF et la FNCCR sur la propri\u00e9t\u00e9 du compteur avaient un enjeu en terme de financement du dispositif, il faut n\u00e9anmoins rappeler que juridiquement la g\u00e9n\u00e9ralisation est act\u00e9e depuis l\u2019arr\u00eat\u00e9 du 4 janvier 2012 et que les m\u00e9canismes finaux de financement sont pr\u00e9vus depuis le d\u00e9cret du 31 ao\u00fbt 2010.<\/p><\/blockquote>\n<p style=\"text-align: justify;\">Et surtout, le compteur en question n&#8217;est pas compatible avec les normes europ\u00e9ennes:<\/p>\n<blockquote><p>Le d\u00e9bat actuel masque en fait le vrai probl\u00e8me : en l\u2019\u00e9tat, le compteur Linky ne r\u00e9pond pas aux exigences normatives europ\u00e9ennes et nationales, et, en cons\u00e9quence, n\u2019est pas au service des consommateurs pour une meilleure ma\u00eetrise de leur consommation \u00e9nerg\u00e9tique et de leur budget.<\/p><\/blockquote>\n<p style=\"text-align: justify;\">La conclusion de l&#8217;UFC Que Choisir est directe:<\/p>\n<blockquote><p>Refusant que la g\u00e9n\u00e9ralisation des compteurs communicants se fasse au d\u00e9triment des consommateurs, l&#8217;UFC-Que Choisir :<\/p>\n<p>&#8211; A saisi le Conseil d\u2019Etat d\u2019un recours pour exc\u00e8s de pouvoir contre l\u2019arr\u00eat\u00e9 de g\u00e9n\u00e9ralisation du Linky afin de permettre un projet respectueux des int\u00e9r\u00eats des consommateurs cens\u00e9s \u00eatre les principaux b\u00e9n\u00e9ficiaires des compteurs intelligents ;<\/p>\n<p>&#8211; Met \u00e0 disposition des consommateurs une fiche de d\u00e9cryptage sur les dix \u00ab on-dit \u00bb les plus souvent avanc\u00e9s sur le compteur Linky afin de r\u00e9tablir la v\u00e9rit\u00e9 sur les fonctionnalit\u00e9s du compteur.<\/p>\n<p><a title=\"VRAI \/ FAUX Linky\" href=\"http:\/\/www.quechoisir.org\/environnement-energie\/energie\/electricite-gaz\/communique-vrai-faux-linky\" target=\"_self\">Retrouvez notre fiche VRAI \/ FAUX sur les compteurs Linky en cliquant ici<\/a><\/p><\/blockquote>\n<p style=\"text-align: justify;\">Et surtout, ne vous arr\u00eatez pas \u00e0 ce bref r\u00e9sum\u00e9 en forme de citations, et lisez la suite dans l&#8217;article complet sur le site : <a title=\"Compteur LINKY - L\u2019UFC-Que Choisir entend court-circuiter le faux compteur intelligent\" href=\"http:\/\/www.quechoisir.org\/environnement-energie\/energie\/electricite-gaz\/communique-compteur-linky-l-ufc-que-choisir-entend-court-circuiter-le-faux-compteur-intelligent\" target=\"_blank\" rel=\"noopener\">Compteur LINKY &#8211; L\u2019UFC-Que Choisir entend court-circuiter le faux compteur intelligent<\/a>.<\/p>\n<p style=\"text-align: justify;\">\n","protected":false},"excerpt":{"rendered":"<p><span class=\"span-reading-time rt-reading-time\" style=\"display: block;\"><span class=\"rt-label rt-prefix\">Temps de lecture\u00a0: <\/span> <span class=\"rt-time\"> 2<\/span> <span class=\"rt-label rt-postfix\">minutes<\/span><\/span>En bref et en quelques mots, ERDF promet des merveilles avec un nouveau compteur dont le seul int\u00e9r\u00eat serait de procurer un b\u00e9n\u00e9fice consid\u00e9rable \u00e0 ERDF, et ce, au d\u00e9triment des usagers, contrairement \u00e0 ce qu&#8217;\u00e9nonce la campagne. De plus, l&#8217;installation de ce compteur (payant, cher, et non pris en charge) serait rendue obligatoire par [&hellip;]<\/p>\n","protected":false},"author":1,"featured_media":0,"comment_status":"open","ping_status":"open","sticky":false,"template":"","format":"standard","meta":{"_s2mail":"","footnotes":""},"categories":[9,4,17],"tags":[18,21,19,20],"class_list":["post-62","post","type-post","status-publish","format-standard","hentry","category-internet-en-ariege","category-logiciels-libres","category-societe","tag-compteurs-electriques","tag-conseil-detat","tag-linky","tag-ufc-que-choisir"],"jetpack_featured_media_url":"","_links":{"self":[{"href":"https:\/\/orditux.org\/aol\/wp-json\/wp\/v2\/posts\/62","targetHints":{"allow":["GET"]}}],"collection":[{"href":"https:\/\/orditux.org\/aol\/wp-json\/wp\/v2\/posts"}],"about":[{"href":"https:\/\/orditux.org\/aol\/wp-json\/wp\/v2\/types\/post"}],"author":[{"embeddable":true,"href":"https:\/\/orditux.org\/aol\/wp-json\/wp\/v2\/users\/1"}],"replies":[{"embeddable":true,"href":"https:\/\/orditux.org\/aol\/wp-json\/wp\/v2\/comments?post=62"}],"version-history":[{"count":2,"href":"https:\/\/orditux.org\/aol\/wp-json\/wp\/v2\/posts\/62\/revisions"}],"predecessor-version":[{"id":2768,"href":"https:\/\/orditux.org\/aol\/wp-json\/wp\/v2\/posts\/62\/revisions\/2768"}],"wp:attachment":[{"href":"https:\/\/orditux.org\/aol\/wp-json\/wp\/v2\/media?parent=62"}],"wp:term":[{"taxonomy":"category","embeddable":true,"href":"https:\/\/orditux.org\/aol\/wp-json\/wp\/v2\/categories?post=62"},{"taxonomy":"post_tag","embeddable":true,"href":"https:\/\/orditux.org\/aol\/wp-json\/wp\/v2\/tags?post=62"}],"curies":[{"name":"wp","href":"https:\/\/api.w.org\/{rel}","templated":true}]}}