{"id":568,"date":"2015-05-28T08:50:01","date_gmt":"2015-05-28T06:50:01","guid":{"rendered":"http:\/\/orditux.org\/aol\/?p=568"},"modified":"2026-02-03T21:24:14","modified_gmt":"2026-02-03T19:24:14","slug":"le-portage-salarial-lanti-prise-de-tete","status":"publish","type":"post","link":"https:\/\/orditux.org\/aol\/2015\/05\/28\/le-portage-salarial-lanti-prise-de-tete\/","title":{"rendered":"Le portage salarial, l&#8217;anti-prise de t\u00eate"},"content":{"rendered":"<span class=\"span-reading-time rt-reading-time\" style=\"display: block;\"><span class=\"rt-label rt-prefix\">Temps de lecture\u00a0: <\/span> <span class=\"rt-time\"> 4<\/span> <span class=\"rt-label rt-postfix\">minutes<\/span><\/span><p style=\"text-align: justify;\">Il y a 4 ans de cela, j&#8217;ai commenc\u00e9 \u00e0 travailler avec <a title=\"2i Portage\" href=\"http:\/\/www.2iportage.com\/\" target=\"_blank\" rel=\"noopener noreferrer\">2i Portage<\/a>. Plus r\u00e9cemment, j&#8217;ai assist\u00e9 \u00e0 deux ateliers de formation assur\u00e9s par leurs soins \u00e0 <a title=\"La Cantine de Toulouse\" href=\"http:\/\/lacantine-toulouse.org\/\" target=\"_blank\" rel=\"noopener noreferrer\">La Cantine de Toulouse<\/a>. Ces ateliers sont extraits d&#8217;une formation plus compl\u00e8te destin\u00e9e \u00e0 aider les salari\u00e9s port\u00e9s \u00e0 mieux mettre en valeur leurs savoirs faire aupr\u00e8s de leurs prospects.<\/p>\n<p><iframe loading=\"lazy\" title=\"Auto-entrepreneur, est-ce un bon plan ?\" width=\"646\" height=\"363\" src=\"https:\/\/www.youtube.com\/embed\/g2iPb62Ca-s?feature=oembed\" frameborder=\"0\" allow=\"accelerometer; autoplay; clipboard-write; encrypted-media; gyroscope; picture-in-picture; web-share\" referrerpolicy=\"strict-origin-when-cross-origin\" allowfullscreen><\/iframe><\/p>\n<p style=\"text-align: justify;\">Je voudrais aujourd&#8217;hui partager sur ce modeste blog quelques informations \u00e0 ce sujet, car le portage salarial, un statut encore tr\u00e8s m\u00e9connu, est en revanche un cadre de travail de mieux en mieux reconnu dans les textes l\u00e9gislatifs et qui peut rendre service \u00e0 de nombreuses personnes.<\/p>\n<p style=\"text-align: justify;\">Il y a quelques ann\u00e9es donc, lorsque j&#8217;ai envisag\u00e9 de prendre un statut au choix parmi ceux disponibles pour exercer une activit\u00e9 de services informatiques, je n&#8217;avais pas de budget, et je manquais aussi de temps : ni temps ni monnaie, \u00e7a ne le \u00abfait pas\u00bb trop n&#8217;est-ce pas ?<\/p>\n<p style=\"text-align: justify;\">J&#8217;ai tout de m\u00eame fait un tour dans les entreprises et associations d&#8217;accompagnement de projets du d\u00e9partement, ainsi que sur certains sites internet fournissant beaucoup d&#8217;information sur l&#8217;entrepreneuriat (comme l&#8217;apec.fr), et j&#8217;en revenais toujours au m\u00eame constat : ce n&#8217;\u00e9tait pas pour moi.<\/p>\n<p style=\"text-align: justify;\">D&#8217;ailleurs comme l&#8217;illustre cette vid\u00e9o, m\u00eame sans parler du RSI ce n&#8217;est pas toujours bien simple:<\/p>\n<p><iframe loading=\"lazy\" title=\"Auto-entrepreneur, est-ce un bon plan ?\" width=\"646\" height=\"363\" src=\"https:\/\/www.youtube.com\/embed\/g2iPb62Ca-s?feature=oembed\" frameborder=\"0\" allow=\"accelerometer; autoplay; clipboard-write; encrypted-media; gyroscope; picture-in-picture; web-share\" referrerpolicy=\"strict-origin-when-cross-origin\" allowfullscreen><\/iframe><\/p>\n<p style=\"text-align: justify;\">Soit les conditions de d\u00e9marrage \u00e9taient trop on\u00e9reuses, soit elle \u00e9taient trop exigeantes en mati\u00e8re de rapidit\u00e9 de r\u00e9sultats (et si \u00e7a ne marchait pas, ou pas suffisamment ?).<\/p>\n<p style=\"text-align: justify;\">Enfin le statut d&#8217;auto entrepreneur aurait \u00e9t\u00e9 une possibilit\u00e9 \u00e0 consid\u00e9rer, seulement, \u00eatre assujettie au RSI (R\u00e9gime Social des Ind\u00e9pendants) ne me convenait pas non plus. La vid\u00e9o suivante illustre de mani\u00e8re sympa les al\u00e9as auxquels on \u00e9chappe !<\/p>\n<p><iframe loading=\"lazy\" title=\"Portage salarial : Le portage salarial avec Links Consultants (ex Links Portage) !\" width=\"646\" height=\"363\" src=\"https:\/\/www.youtube.com\/embed\/83VcOxbQjr0?feature=oembed\" frameborder=\"0\" allow=\"accelerometer; autoplay; clipboard-write; encrypted-media; gyroscope; picture-in-picture; web-share\" referrerpolicy=\"strict-origin-when-cross-origin\" allowfullscreen><\/iframe><\/p>\n<p style=\"text-align: justify;\">Alors comme la personne qui s&#8217;exprime dans la vid\u00e9o ci-dessus, j&#8217;ai opt\u00e9 pour le <a title=\"Guide du portage salarial\" href=\"http:\/\/www.guideduportage.com\/\" target=\"_blank\" rel=\"noopener noreferrer\">portage salarial<\/a>.<\/p>\n<p style=\"text-align: justify;\">Oui \u00e7a co\u00fbte un petit peu de sous, mais pas tant que \u00e7a si on consid\u00e8re les points suivants : on b\u00e9n\u00e9ficie d&#8217;une couverture juridique, fiscale et sociale, \u00e0 chaque fois que l&#8217;on signe un contrat avec un client. Pour pouvoir faire cela, on n&#8217;a pas besoin de remplir des d\u00e9clarations \u00e0 tout bout de champ, la plupart des t\u00e2ches de gestion administrative \u00e9tant assur\u00e9es par les soins de la soci\u00e9t\u00e9 de portage ; on peut cumuler le statut avec une activit\u00e9 salari\u00e9e ou un statut de demandeur d&#8217;emploi, et dans tous les cas on est assujetti au r\u00e9gime des salari\u00e9s.<\/p>\n<p style=\"text-align: justify;\">Pouvez-vous citer un seul autre cadre de travail ind\u00e9pendant offrant une telle souplesse dans les possibilit\u00e9s ?<\/p>\n<p><a href=\"https:\/\/www.youtube.com\/watch?v=PhPKWZTAt_E\">https:\/\/www.youtube.com\/watch?v=PhPKWZTAt_E<\/a><\/p>\n<p style=\"text-align: justify;\">\u00c0 l&#8217;\u00e9poque o\u00f9 j&#8217;ai pris cette d\u00e9cision, j&#8217;ai recherch\u00e9 des informations sur les entreprises pratiquant le portage, en passant par les annuaires des <a title=\"Syndicats professionnels portage salarial\" href=\"http:\/\/www.guideduportage.com\/portage-salarial\/syndicats-professionnels.html\" target=\"_blank\" rel=\"noopener noreferrer\">syndicats de portage salarial<\/a>. J&#8217;en avais trouv\u00e9 deux, dont celui mentionn\u00e9 dans la vid\u00e9o ci-dessus, et un grand nombre d&#8217;entreprises dans leurs listes attendaient ma visite. \ud83d\ude09<\/p>\n<p style=\"text-align: justify;\">J&#8217;ai visit\u00e9 les sites internet d&#8217;un certain nombre d&#8217;entre celles proposant leurs services en Midi Pyr\u00e9n\u00e9es, et choisi de contacter l&#8217;une d&#8217;elles en fonction de crit\u00e8res tout personnels : la mise \u00e0 disposition de nombreux documents permettant de se faire une id\u00e9e sur le <em>modus operandi<\/em> de l&#8217;entreprise, la lecture d&#8217;une Charte dont le contenu me convenait bien, et une premi\u00e8re prise de contact positive et chaleureuse. Je n&#8217;ai pas regrett\u00e9 ce choix jusqu&#8217;ici, et je le recommanderais \u00e0 toute personne \u00e9prise d&#8217;ind\u00e9pendance et un tant soi peu allergique aux exc\u00e8s de paperasse. ^^<\/p>\n<p style=\"text-align: justify;\">La soci\u00e9t\u00e9 avec laquelle je travaille, <a title=\"2i Portage\" href=\"http:\/\/www.2iportage.com\/\" target=\"_blank\" rel=\"noopener noreferrer\">2i Portage<\/a>, fait cela depuis une huitaine d&#8217;ann\u00e9es si on en croit les informations glan\u00e9es sur le web, et offre en plus de ses services de <em>cadre juridique-secr\u00e9tariat-comptabilit\u00e9<\/em>, un volet formation gr\u00e2ce auquel il est possible de proposer des formations en tant que consultant, \u00e0 travers leur structure, ou de b\u00e9n\u00e9ficier soi-m\u00eame des formations qu&#8217;ils organisent, ce qui peut \u00eatre un plus lorsqu&#8217;on a besoin d&#8217;am\u00e9liorer ses comp\u00e9tences.<\/p>\n<p style=\"text-align: justify;\">La page Scoop.it de Henry VINCENT, responsable de l&#8217;entreprise 2i Portage, est assez \u00e9loquente \u00e0 ce sujet : <a title=\"Les bonnes pratiques professionnelles\" href=\"http:\/\/www.scoop.it\/t\/les-bonnes-pratiques-professionnelles\" target=\"_blank\" rel=\"noopener noreferrer\">Devenir consultant ind\u00e9pendant<\/a><\/p>\n<p style=\"text-align: justify;\">Bien, donc vous l&#8217;aurez compris, je suis \u00e0 fond pour le portage salarial : tandis que les uns font ce qu&#8217;ils savent le mieux faire, c&#8217;est \u00e0 dire en gros, les d\u00e9clarations routini\u00e8res pour les salari\u00e9s port\u00e9s, les autres peuvent se consacrer l&#8217;esprit en paix \u00e0 leurs d\u00e9marches commerciales et \u00e0 leurs activit\u00e9s.<\/p>\n<p style=\"text-align: justify;\">Des extraits de l&#8217;une de leurs formations \u00e0 destination des consultants sont offerts r\u00e9guli\u00e8rement \u00e0 l&#8217;espace num\u00e9rique \u00abLa Cantine de Toulouse\u00bb. Le prochain rendez-vous programm\u00e9 le 30 Juin prochain, portera sur <a title=\"Combien facturer en tant qu'ind\u00e9pendant ? \" href=\"http:\/\/lacantine-toulouse.org\/7159\/combien-facturer-en-tant-que-travailleur-independant\" target=\"_blank\" rel=\"noopener noreferrer\">les tarifs \u00e0 pratiquer<\/a>, en tant que travailleur ind\u00e9pendant.<\/p>\n<blockquote><p>2i Portage est une soci\u00e9t\u00e9 sp\u00e9cialis\u00e9e dans le portage salarial depuis plus de 7 ans. Son directeur, monsieur Henry Vincent vous fera la pr\u00e9sentation de cet atelier avec en plus une petite pr\u00e9sentation du portage.<\/p><\/blockquote>\n<p style=\"text-align: justify;\">Si vous souhaitez assister \u00e0 l&#8217;un de ces ateliers, il suffit de s&#8217;inscrire sur le site de La Cantine. Si vous souhaitez en savoir plus sur le statut lui-m\u00eame, les liens vers les diverses pages web de cet article devraient vous permettre de trouver de nombreuses informations.<\/p>\n<p style=\"text-align: justify;\">\u00c0 bient\u00f4t pour de prochains articles ou pour des services ! \ud83d\ude42<\/p>\n<p style=\"text-align: justify;\">\n","protected":false},"excerpt":{"rendered":"<p><span class=\"span-reading-time rt-reading-time\" style=\"display: block;\"><span class=\"rt-label rt-prefix\">Temps de lecture\u00a0: <\/span> <span class=\"rt-time\"> 4<\/span> <span class=\"rt-label rt-postfix\">minutes<\/span><\/span>Il y a 4 ans de cela, j&#8217;ai commenc\u00e9 \u00e0 travailler avec 2i Portage. Plus r\u00e9cemment, j&#8217;ai assist\u00e9 \u00e0 deux ateliers de formation assur\u00e9s par leurs soins \u00e0 La Cantine de Toulouse. Ces ateliers sont extraits d&#8217;une formation plus compl\u00e8te destin\u00e9e \u00e0 aider les salari\u00e9s port\u00e9s \u00e0 mieux mettre en valeur leurs savoirs faire aupr\u00e8s [&hellip;]<\/p>\n","protected":false},"author":1,"featured_media":0,"comment_status":"open","ping_status":"open","sticky":false,"template":"","format":"standard","meta":{"_s2mail":"","footnotes":""},"categories":[101,45],"tags":[99,100,98,96,97],"class_list":["post-568","post","type-post","status-publish","format-standard","hentry","category-emploi","category-services-informatiques","tag-couverture-sociale","tag-emploi","tag-freelance","tag-portage-salarial","tag-travailleur-independant"],"jetpack_featured_media_url":"","_links":{"self":[{"href":"https:\/\/orditux.org\/aol\/wp-json\/wp\/v2\/posts\/568","targetHints":{"allow":["GET"]}}],"collection":[{"href":"https:\/\/orditux.org\/aol\/wp-json\/wp\/v2\/posts"}],"about":[{"href":"https:\/\/orditux.org\/aol\/wp-json\/wp\/v2\/types\/post"}],"author":[{"embeddable":true,"href":"https:\/\/orditux.org\/aol\/wp-json\/wp\/v2\/users\/1"}],"replies":[{"embeddable":true,"href":"https:\/\/orditux.org\/aol\/wp-json\/wp\/v2\/comments?post=568"}],"version-history":[{"count":2,"href":"https:\/\/orditux.org\/aol\/wp-json\/wp\/v2\/posts\/568\/revisions"}],"predecessor-version":[{"id":2812,"href":"https:\/\/orditux.org\/aol\/wp-json\/wp\/v2\/posts\/568\/revisions\/2812"}],"wp:attachment":[{"href":"https:\/\/orditux.org\/aol\/wp-json\/wp\/v2\/media?parent=568"}],"wp:term":[{"taxonomy":"category","embeddable":true,"href":"https:\/\/orditux.org\/aol\/wp-json\/wp\/v2\/categories?post=568"},{"taxonomy":"post_tag","embeddable":true,"href":"https:\/\/orditux.org\/aol\/wp-json\/wp\/v2\/tags?post=568"}],"curies":[{"name":"wp","href":"https:\/\/api.w.org\/{rel}","templated":true}]}}