{"id":521,"date":"2015-02-20T22:48:48","date_gmt":"2015-02-20T20:48:48","guid":{"rendered":"http:\/\/orditux.org\/aol\/?p=521"},"modified":"2026-02-03T21:18:08","modified_gmt":"2026-02-03T19:18:08","slug":"boites-vocales-selon-orange-ou-orange-et-le-libre","status":"publish","type":"post","link":"https:\/\/orditux.org\/aol\/2015\/02\/20\/boites-vocales-selon-orange-ou-orange-et-le-libre\/","title":{"rendered":"Boites vocales selon Orange ou Orange et le Libre"},"content":{"rendered":"<span class=\"span-reading-time rt-reading-time\" style=\"display: block;\"><span class=\"rt-label rt-prefix\">Temps de lecture\u00a0: <\/span> <span class=\"rt-time\"> &lt;\u00a01<\/span> <span class=\"rt-label rt-postfix\">minute<\/span><\/span><p style=\"text-align: justify;\">Comme chacun le sait, notre FAI national institutionnel n\u2019est pas souvent le premier de la classe pour l\u2019accessibilit\u00e9 de ses sites et la conformit\u00e9 avec les pr\u00e9conisations du W3C. Mais saviez-vous que Orange et l\u2019\u00e9diteur Adobe \u00e9taient partenaires ?<\/p>\n<p style=\"text-align: center;\"><img data-recalc-dims=\"1\" decoding=\"async\" class=\"aligncenter wp-image-522 size-full\" title=\"Flash Player est requis pour ce service\" src=\"https:\/\/i0.wp.com\/orditux.org\/aol\/files\/2015\/03\/flash-orange.png?resize=646%2C443\" alt=\"Flash Player est requis pour ce service\" width=\"646\" height=\"443\" srcset=\"https:\/\/i0.wp.com\/orditux.org\/aol\/files\/2015\/03\/flash-orange.png?w=699&amp;ssl=1 699w, https:\/\/i0.wp.com\/orditux.org\/aol\/files\/2015\/03\/flash-orange.png?resize=300%2C206&amp;ssl=1 300w\" sizes=\"(max-width: 646px) 100vw, 646px\" \/><\/p>\n<p style=\"text-align: justify;\">(Le sont-ils ou est-ce une autre raison qui pousse Orange \u00e0 requ\u00e9rir un plugin non libre pour juste pour \u00e9couter les messages messages t\u00e9l\u00e9phoniques ?)<\/p>\n","protected":false},"excerpt":{"rendered":"<p><span class=\"span-reading-time rt-reading-time\" style=\"display: block;\"><span class=\"rt-label rt-prefix\">Temps de lecture\u00a0: <\/span> <span class=\"rt-time\"> &lt;\u00a01<\/span> <span class=\"rt-label rt-postfix\">minute<\/span><\/span>Comme chacun le sait, notre FAI national institutionnel n\u2019est pas souvent le premier de la classe pour l\u2019accessibilit\u00e9 de ses sites et la conformit\u00e9 avec les pr\u00e9conisations du W3C. Mais saviez-vous que Orange et l\u2019\u00e9diteur Adobe \u00e9taient partenaires ? (Le sont-ils ou est-ce une autre raison qui pousse Orange \u00e0 requ\u00e9rir un plugin non libre [&hellip;]<\/p>\n","protected":false},"author":1,"featured_media":0,"comment_status":"open","ping_status":"open","sticky":false,"template":"","format":"standard","meta":{"_s2mail":"","footnotes":""},"categories":[53],"tags":[59,60],"class_list":["post-521","post","type-post","status-publish","format-standard","hentry","category-internet-2","tag-flash","tag-orange"],"jetpack_featured_media_url":"","_links":{"self":[{"href":"https:\/\/orditux.org\/aol\/wp-json\/wp\/v2\/posts\/521","targetHints":{"allow":["GET"]}}],"collection":[{"href":"https:\/\/orditux.org\/aol\/wp-json\/wp\/v2\/posts"}],"about":[{"href":"https:\/\/orditux.org\/aol\/wp-json\/wp\/v2\/types\/post"}],"author":[{"embeddable":true,"href":"https:\/\/orditux.org\/aol\/wp-json\/wp\/v2\/users\/1"}],"replies":[{"embeddable":true,"href":"https:\/\/orditux.org\/aol\/wp-json\/wp\/v2\/comments?post=521"}],"version-history":[{"count":3,"href":"https:\/\/orditux.org\/aol\/wp-json\/wp\/v2\/posts\/521\/revisions"}],"predecessor-version":[{"id":2807,"href":"https:\/\/orditux.org\/aol\/wp-json\/wp\/v2\/posts\/521\/revisions\/2807"}],"wp:attachment":[{"href":"https:\/\/orditux.org\/aol\/wp-json\/wp\/v2\/media?parent=521"}],"wp:term":[{"taxonomy":"category","embeddable":true,"href":"https:\/\/orditux.org\/aol\/wp-json\/wp\/v2\/categories?post=521"},{"taxonomy":"post_tag","embeddable":true,"href":"https:\/\/orditux.org\/aol\/wp-json\/wp\/v2\/tags?post=521"}],"curies":[{"name":"wp","href":"https:\/\/api.w.org\/{rel}","templated":true}]}}