{"id":375,"date":"2013-10-22T08:45:02","date_gmt":"2013-10-22T06:45:02","guid":{"rendered":"http:\/\/orditux.org\/aol\/?p=375"},"modified":"2026-02-03T21:11:38","modified_gmt":"2026-02-03T19:11:38","slug":"apres-anniversaire-gnu","status":"publish","type":"post","link":"https:\/\/orditux.org\/aol\/2013\/10\/22\/apres-anniversaire-gnu\/","title":{"rendered":"Apr\u00e8s l&#8217;anniversaire GNU"},"content":{"rendered":"<span class=\"span-reading-time rt-reading-time\" style=\"display: block;\"><span class=\"rt-label rt-prefix\">Temps de lecture\u00a0: <\/span> <span class=\"rt-time\"> &lt;\u00a01<\/span> <span class=\"rt-label rt-postfix\">minute<\/span><\/span><p style=\"text-align: justify;\">Le samedi 28 septembre dernier nous f\u00eations l&#8217;anniversaire de l&#8217;annonce du <a title=\"Le syst\u00e8me GNU\" href=\"http:\/\/orditux.org\/aol\/2013\/06\/14\/le-systeme-gnu\/\">projet GNU<\/a> : <a href=\"http:\/\/orditux.org\/aol\/2013\/09\/25\/fetons-les-30-ans-de-gnu-a-aigues-vives\/\">F\u00eatons les 30 ans de GNU \u00e0 Aigues-Vives !<\/a><\/p>\n<p style=\"text-align: justify;\">D\u00e9s le d\u00e9but de l&#8217;apr\u00e8s-midi des participants nous ont rejoint \u00e0 la salle des f\u00eates de Aigues-Vives, un petit village d&#8217;Ari\u00e8ge situ\u00e9 entre Mirepoix et Lavelanet. Certains participants, pr\u00e9alablement invit\u00e9s\u00a0 par nos soins, \u00e9taient attendus tandis que d&#8217;autres ayant pris connaissance de l&#8217;\u00e9v\u00e8nement annonc\u00e9 par le site <a title=\"Rencontre autour des logiciels libres par Ari\u00e8ge News\" href=\"http:\/\/www.ariegenews.com\/ariege\/le_saviez_vous\/2013\/67355\/aigues-vives-rencontre-autour-des-logiciels-libres.html\" target=\"_blank\" rel=\"noopener\">Ari\u00e8ge News<\/a>, sont venus durant l&#8217;apr\u00e8s-midi.<\/p>\n<p style=\"text-align: justify;\">Certains d\u00e9couvraient des syst\u00e8mes construits autour du noyau Linux pour la premi\u00e8re fois, et sont repartis chez eux avec un syst\u00e8me GNU\/Linux <a title=\"LiveCD\" href=\"http:\/\/fr.wikipedia.org\/wiki\/LiveCD\" target=\"_blank\" rel=\"noopener\">Live<\/a> sur leur cl\u00e9 USB, d&#8217;autres employaient d\u00e9j\u00e0 une distribution GNU\/Linux depuis plusieurs ann\u00e9es. La rencontre a \u00e9t\u00e9 tr\u00e8s chaleureuse et s&#8217;est termin\u00e9e plus tard que pr\u00e9vu initialement. Nous devons d&#8217;ailleurs remercier l&#8217;adjoint au maire qui nous a patiemment attendu pour la fermeture de la salle. \ud83d\ude42<\/p>\n<p style=\"text-align: justify;\">L&#8217;article de Ari\u00e8ge News parle aussi d&#8217;un projet que nous pr\u00e9voyons de r\u00e9aliser, la cr\u00e9ation d&#8217;une association Linux Ari\u00e8ge, dont le but sera de faire la promotion des logiciels libres et d&#8217;organiser des rencontres mensuelles en tant que <a title=\"Pr\u00e9sentation des GUL francophones\" href=\"http:\/\/aful.org\/gul\" target=\"_blank\" rel=\"noopener\">Groupe d&#8217;Utilisateurs Linux<\/a>.<\/p>\n<p style=\"text-align: justify;\">La cr\u00e9ation d&#8217;une association Linux Ari\u00e8ge est donc pr\u00e9vue pour bient\u00f4t. Restez \u00e0 l&#8217;\u00e9coute !<\/p>\n<p style=\"text-align: justify;\">\n","protected":false},"excerpt":{"rendered":"<p><span class=\"span-reading-time rt-reading-time\" style=\"display: block;\"><span class=\"rt-label rt-prefix\">Temps de lecture\u00a0: <\/span> <span class=\"rt-time\"> &lt;\u00a01<\/span> <span class=\"rt-label rt-postfix\">minute<\/span><\/span>Le samedi 28 septembre dernier nous f\u00eations l&#8217;anniversaire de l&#8217;annonce du projet GNU : F\u00eatons les 30 ans de GNU \u00e0 Aigues-Vives ! D\u00e9s le d\u00e9but de l&#8217;apr\u00e8s-midi des participants nous ont rejoint \u00e0 la salle des f\u00eates de Aigues-Vives, un petit village d&#8217;Ari\u00e8ge situ\u00e9 entre Mirepoix et Lavelanet. Certains participants, pr\u00e9alablement invit\u00e9s\u00a0 par nos [&hellip;]<\/p>\n","protected":false},"author":1,"featured_media":0,"comment_status":"open","ping_status":"open","sticky":false,"template":"","format":"standard","meta":{"_s2mail":"","footnotes":""},"categories":[4],"tags":[34,35,33,36],"class_list":["post-375","post","type-post","status-publish","format-standard","hentry","category-logiciels-libres","tag-anniversaire-gnu","tag-gnulinux-en-ariege","tag-linux-ariege","tag-rencontre-logiciels-libres-aigues-vives"],"jetpack_featured_media_url":"","_links":{"self":[{"href":"https:\/\/orditux.org\/aol\/wp-json\/wp\/v2\/posts\/375","targetHints":{"allow":["GET"]}}],"collection":[{"href":"https:\/\/orditux.org\/aol\/wp-json\/wp\/v2\/posts"}],"about":[{"href":"https:\/\/orditux.org\/aol\/wp-json\/wp\/v2\/types\/post"}],"author":[{"embeddable":true,"href":"https:\/\/orditux.org\/aol\/wp-json\/wp\/v2\/users\/1"}],"replies":[{"embeddable":true,"href":"https:\/\/orditux.org\/aol\/wp-json\/wp\/v2\/comments?post=375"}],"version-history":[{"count":1,"href":"https:\/\/orditux.org\/aol\/wp-json\/wp\/v2\/posts\/375\/revisions"}],"predecessor-version":[{"id":2743,"href":"https:\/\/orditux.org\/aol\/wp-json\/wp\/v2\/posts\/375\/revisions\/2743"}],"wp:attachment":[{"href":"https:\/\/orditux.org\/aol\/wp-json\/wp\/v2\/media?parent=375"}],"wp:term":[{"taxonomy":"category","embeddable":true,"href":"https:\/\/orditux.org\/aol\/wp-json\/wp\/v2\/categories?post=375"},{"taxonomy":"post_tag","embeddable":true,"href":"https:\/\/orditux.org\/aol\/wp-json\/wp\/v2\/tags?post=375"}],"curies":[{"name":"wp","href":"https:\/\/api.w.org\/{rel}","templated":true}]}}