{"id":3081,"date":"2026-03-10T07:32:56","date_gmt":"2026-03-10T05:32:56","guid":{"rendered":"https:\/\/orditux.org\/aol\/?p=3081"},"modified":"2026-03-13T03:25:30","modified_gmt":"2026-03-13T01:25:30","slug":"passez-a-linux-avec-un-pc-reconditionne","status":"publish","type":"post","link":"https:\/\/orditux.org\/aol\/2026\/03\/10\/passez-a-linux-avec-un-pc-reconditionne\/","title":{"rendered":"Passez \u00e0 Linux avec un PC reconditionn\u00e9"},"content":{"rendered":"<span class=\"span-reading-time rt-reading-time\" style=\"display: block;\"><span class=\"rt-label rt-prefix\">Temps de lecture\u00a0: <\/span> <span class=\"rt-time\"> 3<\/span> <span class=\"rt-label rt-postfix\">minutes<\/span><\/span><p>Hier soir, je r\u00e2lais apr\u00e8s ma banque professionnelle dont l&#8217;acc\u00e8s ne fonctionnait pas, pile quand mon dernier client venait d&#8217;accepter mon devis et de payer pour un ordinateur ultra-l\u00e9ger de chez HP, qui sera install\u00e9 sous Debian Linux avec le bureau Xfce4.<\/p>\n<h2>HP EliteBook 830 G5 une qualit\u00e9 professionnelle<\/h2>\n<p>Ce PC portable, fourni en reconditionn\u00e9 (garanti 2 ans<strong><span style=\"color: #ff0000;\">*<\/span><\/strong>), est dot\u00e9 d&#8217;un ch\u00e2ssis magn\u00e9sium et aluminium : l&#8217;alliage de la l\u00e9g\u00e8ret\u00e9 et de la robustesse, dans 1,33 kg.<\/p>\n<p>&nbsp;<\/p>\n<div id=\"attachment_3103\" class=\"wp-caption aligncenter\" style=\"width: 300px\"><img data-recalc-dims=\"1\" decoding=\"async\" class=\"size-medium wp-image-3103\" src=\"https:\/\/i0.wp.com\/orditux.org\/aol\/files\/2026\/03\/Tux-dans-HP-elitebook-830g5.jpg?resize=300%2C211&#038;ssl=1\" alt=\"Orditux dans HP Elitebook 830 G5\" width=\"300\" height=\"211\" srcset=\"https:\/\/i0.wp.com\/orditux.org\/aol\/files\/2026\/03\/Tux-dans-HP-elitebook-830g5.jpg?resize=300%2C211&amp;ssl=1 300w, https:\/\/i0.wp.com\/orditux.org\/aol\/files\/2026\/03\/Tux-dans-HP-elitebook-830g5.jpg?resize=768%2C540&amp;ssl=1 768w, https:\/\/i0.wp.com\/orditux.org\/aol\/files\/2026\/03\/Tux-dans-HP-elitebook-830g5.jpg?w=800&amp;ssl=1 800w\" sizes=\"(max-width: 300px) 100vw, 300px\" \/><p class=\"wp-caption-text\">Orditux dans HP Elitebook 830 G5<\/p><\/div>\n<p>Aujourd&#8217;hui, je vous propose le m\u00eame mod\u00e8le, et j&#8217;ai pr\u00e9par\u00e9 un tableau r\u00e9capitulatif de ses sp\u00e9cifications, et des informations sur les options possibles, ci-dessous.<\/p>\n<div class=\"table-hw\">\n<div class=\"ligne\" style=\"justify-content: center; background: #f5f5f5;\">\n<div style=\"font-weight: bold; font-size: 1.6rem; padding: 0.75rem 1.5rem;\">HP EliteBook 830 G5<\/div>\n<\/div>\n<div class=\"ligne\">\n<div class=\"label\">CPU<\/div>\n<div class=\"valeur\">Intel Core i5-8250U, 4 coeurs \/ 8 threads, 1,6 GHz (3,4 GHz Turbo)<\/div>\n<\/div>\n<div class=\"ligne\">\n<div class=\"label\">RAM<\/div>\n<div class=\"valeur\">8 Go DDR4<\/div>\n<\/div>\n<div class=\"ligne\">\n<div class=\"label\">Stockage<\/div>\n<div class=\"valeur\">240 Go SSD<\/div>\n<\/div>\n<div class=\"ligne\">\n<div class=\"label\">Carte graphique<\/div>\n<div class=\"valeur\">Intel UHD 620<\/div>\n<\/div>\n<div class=\"ligne\">\n<div class=\"label\">\u00c9cran<\/div>\n<div class=\"valeur\">13,3&#8243; Full HD 1920 x 1080<\/div>\n<\/div>\n<div class=\"ligne\">\n<div class=\"label\">R\u00e9seau<\/div>\n<div class=\"valeur\">Ethernet + Wi-Fi + Bluetooth<\/div>\n<\/div>\n<div class=\"ligne\">\n<div class=\"label\">Connectique<\/div>\n<div class=\"valeur\">1x Thunderbolt \/ 2x USB 3.1 \/ 1x HDMI \/ 1x RJ45 \/ 1x jack audio<\/div>\n<\/div>\n<div class=\"ligne\">\n<div class=\"label\">Clavier<\/div>\n<div class=\"valeur\">AZERTY r\u00e9tro \u00e9clair\u00e9<\/div>\n<\/div>\n<div class=\"ligne\">\n<div class=\"label\">Ch\u00e2ssis<\/div>\n<div class=\"valeur\">Magn\u00e9sium et aluminium, 1,7 x 31 x 22,9 cm, 1,33 kg<\/div>\n<\/div>\n<div class=\"ligne\">\n<div class=\"label\">\u00c9cran tactile<\/div>\n<div class=\"valeur\">Selon mod\u00e8les<\/div>\n<\/div>\n<div class=\"ligne\">\n<div class=\"label\">\u00c9tat \/ Garantie<\/div>\n<div class=\"valeur\">Grade A, 2 ans pi\u00e8ces et main d&#8217;oeuvre, retour port pay\u00e9 aller-retour<\/div>\n<\/div>\n<\/div>\n<p>&nbsp;<\/p>\n<p><strong>Prix de base dont installation de la distribution choisie : 530,50 \u20acuros\u00a0 \u00a0<\/strong>(Le prix final avec des options sera disponible sur devis).<\/p>\n<p><strong>Une distributions au choix\u00a0: <\/strong> Ubuntu, Debian, Fedora, Linux Mint (et bureau au choix : Gnome, KDE, Xfce4, LXDE, LXQt, Cinnamon, Mate\u2026)<\/p>\n<p><strong>Frais de port\u00a0<\/strong>: Ils seront calcul\u00e9s selon le mode choisi lors de la commande<\/p>\n<p><strong>Options disponibles \u00e0 la commande pour ce mod\u00e8le <\/strong>(prix total sur devis) :<\/p>\n<p><strong>M\u00e9moire RAM (2 slots)<\/strong><\/p>\n<ul>\n<li style=\"list-style-type: none;\">\n<ul>\n<li>12 Go RAM\u00a0 + 45,50 \u20ac<\/li>\n<li>16 Go RAM\u00a0 + 68,30 \u20ac<\/li>\n<li>32 Go RAM\u00a0 + 250,74 \u20ac<\/li>\n<\/ul>\n<\/li>\n<\/ul>\n<p><strong>Stockage SSD<\/strong><\/p>\n<ul>\n<li style=\"list-style-type: none;\">\n<ul>\n<li>512 Go SSD\u00a0 + 91,11 \u20ac<\/li>\n<li>1 To SSD\u00a0 + 159,52 \u20ac<\/li>\n<li>2 To SSD\u00a0 + 273,55 \u20ac<\/li>\n<\/ul>\n<\/li>\n<\/ul>\n<p>Votre achat vous permet de vous \u00e9quiper d&#8217;un ordinateur de qualit\u00e9 professionnelle en contribuant \u00e0 en allonger la dur\u00e9e de fonctionnement. Je m&#8217;approvisionne chez un reconditionneur fran\u00e7ais engag\u00e9 depuis plus de 15 ans : des millions de litres d&#8217;eau et d&#8217;\u00e9quivalents CO\u00b2 \u00e9conomis\u00e9s, presque 200 emplois solidaires.<\/p>\n<p>Chaque commande re\u00e7ue contribue aussi \u00e0 d&#8217;autres projets en faveur du r\u00e9emploi et du logiciel libre, pour en d\u00e9mocratiser les usages, et dont il sera question dans quelques temps, dans ce blog.<\/p>\n<p>\ud83d\udc49 <a href=\"https:\/\/orditux.org\/contact\" target=\"_blank\" rel=\"noopener\">https:\/\/orditux.org\/contact<\/a><\/p>\n<p>Comme toujours, les personnes qui ach\u00e8tent un PC sous Linux sont les bienvenues pour demander une formation pour la prise en mains de leur nouveau syst\u00e8me, en fonction de leurs besoins. Cela se fera une \u00e0 deux fois par mois sous la forme de visio-conf\u00e9rences, en groupe, en fonction du nombre d&#8217;acheteurs dans une p\u00e9riode donn\u00e9e.<\/p>\n<p>Pour un conseil d&#8217;achat personnalis\u00e9, il vous suffit de fournir les informations suivantes : votre budget, vos usages et votre contexte, afin de pouvoir vous r\u00e9pondre utilement.<\/p>\n<blockquote><p><em><span style=\"color: #ff0000;\"><strong>*<\/strong><\/span> La garantie couvre pi\u00e8ces et main d&#8217;oeuvre avec le port pris en charge. Elle ne couvre pas la batterie, les charni\u00e8res, les accessoires livr\u00e9s, ni les d\u00e9fauts cosm\u00e9tiques, les traces\u00a0 d&#8217;usure l\u00e9g\u00e8res sont inh\u00e9rentes au reconditionn\u00e9. Les d\u00e9fauts d&#8217;\u00e9cran doivent \u00eatre signal\u00e9s dans les 48h suivant la r\u00e9ception.<\/em><\/p><\/blockquote>\n","protected":false},"excerpt":{"rendered":"<p><span class=\"span-reading-time rt-reading-time\" style=\"display: block;\"><span class=\"rt-label rt-prefix\">Temps de lecture\u00a0: <\/span> <span class=\"rt-time\"> 3<\/span> <span class=\"rt-label rt-postfix\">minutes<\/span><\/span>Hier soir, je r\u00e2lais apr\u00e8s ma banque professionnelle dont l&#8217;acc\u00e8s ne fonctionnait pas, pile quand mon dernier client venait d&#8217;accepter mon devis et de payer pour un ordinateur ultra-l\u00e9ger de chez HP, qui sera install\u00e9 sous Debian Linux avec le bureau Xfce4. HP EliteBook 830 G5 une qualit\u00e9 professionnelle Ce PC portable, fourni en reconditionn\u00e9 [&hellip;]<\/p>\n","protected":false},"author":1,"featured_media":0,"comment_status":"open","ping_status":"open","sticky":false,"template":"","format":"standard","meta":{"_s2mail":"","footnotes":""},"categories":[146],"tags":[8,76,116,5,49,192,193,124,194,71,143,191],"class_list":["post-3081","post","type-post","status-publish","format-standard","hentry","category-vente-dordinateurs","tag-ariege","tag-economie","tag-entrepreneuriat","tag-logiciels-libres-2","tag-open-source","tag-pc-reconditionnes","tag-pc-sous-linux","tag-reconditionne","tag-reconditionne-sous-linux","tag-reemploi-dordinateurs","tag-reemploi_informatique","tag-vente-de-pc"],"jetpack_featured_media_url":"","_links":{"self":[{"href":"https:\/\/orditux.org\/aol\/wp-json\/wp\/v2\/posts\/3081","targetHints":{"allow":["GET"]}}],"collection":[{"href":"https:\/\/orditux.org\/aol\/wp-json\/wp\/v2\/posts"}],"about":[{"href":"https:\/\/orditux.org\/aol\/wp-json\/wp\/v2\/types\/post"}],"author":[{"embeddable":true,"href":"https:\/\/orditux.org\/aol\/wp-json\/wp\/v2\/users\/1"}],"replies":[{"embeddable":true,"href":"https:\/\/orditux.org\/aol\/wp-json\/wp\/v2\/comments?post=3081"}],"version-history":[{"count":26,"href":"https:\/\/orditux.org\/aol\/wp-json\/wp\/v2\/posts\/3081\/revisions"}],"predecessor-version":[{"id":3151,"href":"https:\/\/orditux.org\/aol\/wp-json\/wp\/v2\/posts\/3081\/revisions\/3151"}],"wp:attachment":[{"href":"https:\/\/orditux.org\/aol\/wp-json\/wp\/v2\/media?parent=3081"}],"wp:term":[{"taxonomy":"category","embeddable":true,"href":"https:\/\/orditux.org\/aol\/wp-json\/wp\/v2\/categories?post=3081"},{"taxonomy":"post_tag","embeddable":true,"href":"https:\/\/orditux.org\/aol\/wp-json\/wp\/v2\/tags?post=3081"}],"curies":[{"name":"wp","href":"https:\/\/api.w.org\/{rel}","templated":true}]}}