{"id":24,"date":"2012-04-03T19:16:53","date_gmt":"2012-04-03T17:16:53","guid":{"rendered":"http:\/\/orditux.org\/aol\/?p=24"},"modified":"2026-02-03T20:51:58","modified_gmt":"2026-02-03T18:51:58","slug":"retour-de-la-journee-libre-en-fete","status":"publish","type":"post","link":"https:\/\/orditux.org\/aol\/2012\/04\/03\/retour-de-la-journee-libre-en-fete\/","title":{"rendered":"Retour de la journ\u00e9e Libre en f\u00eate"},"content":{"rendered":"<span class=\"span-reading-time rt-reading-time\" style=\"display: block;\"><span class=\"rt-label rt-prefix\">Temps de lecture\u00a0: <\/span> <span class=\"rt-time\"> &lt;\u00a01<\/span> <span class=\"rt-label rt-postfix\">minute<\/span><\/span><p style=\"text-align: justify;\">Le pr\u00e9c\u00e9dent article, <a href=\"http:\/\/orditux.org\/aol\/2012\/03\/15\/libre-en-fete-en-ariege\/\">Libre en F\u00eate en Ari\u00e8ge<\/a> annon\u00e7ait cette journ\u00e9e, que nous avons pass\u00e9e tranquillement dans cette jolie salle de la r\u00e9sidence du Foyer L\u00e9o Lagrange.<\/p>\n<p style=\"text-align: justify;\">Nous avons install\u00e9 un ordinateur de bureau et deux portables. Par contre le wifi n&#8217;\u00e9tait pas accessible\u2026<\/p>\n<p style=\"text-align: justify;\">Des personnes de plusieurs secteurs de l&#8217;Ari\u00e8ge sont venues nous rendre visite : Mirepoix, Oust, Saverdun, Foix pour en citer quelques-uns. Parmi ces visites sont venus des professionnels et des particuliers, connaissant, ou non les logiciels libres.<\/p>\n<p style=\"text-align: justify;\">Nous avons pu leur pr\u00e9senter diff\u00e9rentes distributions, comme Archlinux, Sabayon, PCLinuxOS \u00c9ducation et PCLinuxOS Lxde, Ubuntu&#8230; Nous n&#8217;avons pas pu pr\u00e9senter les ressources diverses pr\u00e9vues \u00e0 cause du manque de la connexion \u00e0 Internet.<\/p>\n<p style=\"text-align: justify;\">Ces personnes ont pos\u00e9 des questions selon leur niveau de connaissances. Tous se sont d\u00e9clar\u00e9s favorables \u00e0 la cr\u00e9ation d&#8217;une association de type <a title=\"Groupe d'utilisateurs Linux\" href=\"http:\/\/fr.wikipedia.org\/wiki\/Groupe_d%27utilisateurs_Linux\" target=\"_blank\" rel=\"noopener\">GUL<\/a> en Ari\u00e8ge, et pr\u00eats \u00e0 y participer, en fonction de leurs disponibilit\u00e9s.<\/p>\n<p style=\"text-align: justify;\">C&#8217;est une animation \u00e0 refaire et \u00e0 r\u00e9p\u00e9ter de temps en temps.<\/p>\n<p style=\"text-align: justify;\">Nos remerciements vont aux personnes ayant publi\u00e9 l&#8217;annonce : Ari\u00e8ge News qui a r\u00e9dig\u00e9 l&#8217;article <a href=\"http:\/\/www.ariegenews.com\/ariege\/le_saviez_vous\/2012\/45352\/foix-rencontre-autour-des-logiciels-libres.html\">Foix: rencontre autour des logiciels libres<\/a>, l&#8217;agenda de <a title=\"Ari\u00e8ge D\u00e9mosph\u00e8re\" href=\"http:\/\/ariege.demosphere.eu\/\" target=\"_blank\" rel=\"noopener\">Ari\u00e8ge D\u00e9mosph\u00e8re<\/a>, et l&#8217;Agenda du Libre, ainsi qu&#8217;aux responsables du Foyer <a title=\"Restaurant le L\u00e9o\" href=\"http:\/\/www.leolagrange-foix.com\/fr\/resto\" target=\"_blank\" rel=\"noopener\">Leo Lagrange <\/a>ayant annonc\u00e9 et fourni la salle.<\/p>\n<p>&nbsp;<\/p>\n","protected":false},"excerpt":{"rendered":"<p><span class=\"span-reading-time rt-reading-time\" style=\"display: block;\"><span class=\"rt-label rt-prefix\">Temps de lecture\u00a0: <\/span> <span class=\"rt-time\"> &lt;\u00a01<\/span> <span class=\"rt-label rt-postfix\">minute<\/span><\/span>Le pr\u00e9c\u00e9dent article, Libre en F\u00eate en Ari\u00e8ge annon\u00e7ait cette journ\u00e9e, que nous avons pass\u00e9e tranquillement dans cette jolie salle de la r\u00e9sidence du Foyer L\u00e9o Lagrange. Nous avons install\u00e9 un ordinateur de bureau et deux portables. Par contre le wifi n&#8217;\u00e9tait pas accessible\u2026 Des personnes de plusieurs secteurs de l&#8217;Ari\u00e8ge sont venues nous rendre [&hellip;]<\/p>\n","protected":false},"author":1,"featured_media":0,"comment_status":"open","ping_status":"open","sticky":false,"template":"","format":"standard","meta":{"_s2mail":"","footnotes":""},"categories":[9,4,17],"tags":[7,6,5],"class_list":["post-24","post","type-post","status-publish","format-standard","hentry","category-internet-en-ariege","category-logiciels-libres","category-societe","tag-foix","tag-libre-en-fete","tag-logiciels-libres-2"],"jetpack_featured_media_url":"","_links":{"self":[{"href":"https:\/\/orditux.org\/aol\/wp-json\/wp\/v2\/posts\/24","targetHints":{"allow":["GET"]}}],"collection":[{"href":"https:\/\/orditux.org\/aol\/wp-json\/wp\/v2\/posts"}],"about":[{"href":"https:\/\/orditux.org\/aol\/wp-json\/wp\/v2\/types\/post"}],"author":[{"embeddable":true,"href":"https:\/\/orditux.org\/aol\/wp-json\/wp\/v2\/users\/1"}],"replies":[{"embeddable":true,"href":"https:\/\/orditux.org\/aol\/wp-json\/wp\/v2\/comments?post=24"}],"version-history":[{"count":2,"href":"https:\/\/orditux.org\/aol\/wp-json\/wp\/v2\/posts\/24\/revisions"}],"predecessor-version":[{"id":2760,"href":"https:\/\/orditux.org\/aol\/wp-json\/wp\/v2\/posts\/24\/revisions\/2760"}],"wp:attachment":[{"href":"https:\/\/orditux.org\/aol\/wp-json\/wp\/v2\/media?parent=24"}],"wp:term":[{"taxonomy":"category","embeddable":true,"href":"https:\/\/orditux.org\/aol\/wp-json\/wp\/v2\/categories?post=24"},{"taxonomy":"post_tag","embeddable":true,"href":"https:\/\/orditux.org\/aol\/wp-json\/wp\/v2\/tags?post=24"}],"curies":[{"name":"wp","href":"https:\/\/api.w.org\/{rel}","templated":true}]}}