{"id":237,"date":"2013-06-30T00:58:02","date_gmt":"2013-06-29T22:58:02","guid":{"rendered":"http:\/\/orditux.org\/aol\/?p=237"},"modified":"2026-02-03T21:09:37","modified_gmt":"2026-02-03T19:09:37","slug":"les-internautes-paient-aussi-pour-la-television","status":"publish","type":"post","link":"https:\/\/orditux.org\/aol\/2013\/06\/30\/les-internautes-paient-aussi-pour-la-television\/","title":{"rendered":"Les internautes paient aussi pour la t\u00e9l\u00e9vision"},"content":{"rendered":"<span class=\"span-reading-time rt-reading-time\" style=\"display: block;\"><span class=\"rt-label rt-prefix\">Temps de lecture\u00a0: <\/span> <span class=\"rt-time\"> 5<\/span> <span class=\"rt-label rt-postfix\">minutes<\/span><\/span><p style=\"text-align: justify;\">Depuis plusieurs ann\u00e9es l&#8217;\u00c9tat fran\u00e7ais se bat pour faire accepter une taxe ou une partie de taxe sur l&#8217;abonnement aux r\u00e9seaux Internet. En 2009, la taxe Cop\u00e9, taxe sur les op\u00e9rateurs t\u00e9l\u00e9com est instaur\u00e9e pour compenser une perte de revenu : les cha\u00eenes publiques de t\u00e9l\u00e9vision diffuseraient de moins en moins de publicit\u00e9. Mais cette taxe n&#8217;\u00e9tait pas reconnue l\u00e9gale par l&#8217;Europe.<\/p>\n<p style=\"text-align: justify;\">Notre d\u00e9put\u00e9, Monsieur Alain FAURE, annonce sur son blog sous la rubrique <a href=\"http:\/\/www.alainfaure.fr\/lactualite-politique-du-vendredi-28-juin-2013\/\">L\u2019actualit\u00e9 politique du vendredi 28 juin 2013<\/a>, titre \u00abTaxe T\u00e9l\u00e9com\u00bb<\/p>\n<blockquote><p>La Cour de justice de l\u2019Union europ\u00e9enne a valid\u00e9 la taxe sur les op\u00e9rateurs de communication \u00e9lectronique, qu\u2019acquittent les fournisseurs d\u2019acc\u00e8s \u00e0 Internet et qui vise \u00e0 financer le service public t\u00e9l\u00e9visuel.<\/p><\/blockquote>\n<p style=\"text-align: justify;\">Je vous laisse le soin de lire la suite sur le blog de notre d\u00e9put\u00e9.<\/p>\n<p style=\"text-align: justify;\">Ailleurs sur le web, nous pouvons d\u00e9couvrir ce qu&#8217;est la <a title=\"La taxe t\u00e9l\u00e9coms\" href=\"http:\/\/fr.wikipedia.org\/wiki\/Taxe_t%C3%A9l%C3%A9coms\" target=\"_blank\" rel=\"noopener\">Taxe T\u00e9l\u00e9com<\/a>,<\/p>\n<blockquote><p>une <a title=\"Taxe\" href=\"http:\/\/fr.wikipedia.org\/wiki\/Taxe\">taxe<\/a> affectant les <a title=\"Op\u00e9rateur de t\u00e9l\u00e9communications\" href=\"http:\/\/fr.wikipedia.org\/wiki\/Op%C3%A9rateur_de_t%C3%A9l%C3%A9communications\">op\u00e9rateurs de t\u00e9l\u00e9communications<\/a> de <a title=\"France\" href=\"http:\/\/fr.wikipedia.org\/wiki\/France\">France<\/a> \u2014 <a title=\"SFR\" href=\"http:\/\/fr.wikipedia.org\/wiki\/SFR\">SFR<\/a>, <a title=\"Orange (entreprise)\" href=\"http:\/\/fr.wikipedia.org\/wiki\/Orange_%28entreprise%29\">Orange<\/a>, <a title=\"Free (soci\u00e9t\u00e9)\" href=\"http:\/\/fr.wikipedia.org\/wiki\/Free_%28soci%C3%A9t%C3%A9%29\">Free<\/a> et <a title=\"Bouygues Telecom\" href=\"http:\/\/fr.wikipedia.org\/wiki\/Bouygues_Telecom\">Bouygues Telecom<\/a> \u2014, instaur\u00e9e en mars 2009<sup id=\"cite_ref-lepoint.fr_1-0\"><a href=\"http:\/\/fr.wikipedia.org\/wiki\/Taxe_t%C3%A9l%C3%A9coms#cite_note-lepoint.fr-1\">1<\/a><\/sup><sup>,<\/sup><sup id=\"cite_ref-2\"><a href=\"http:\/\/fr.wikipedia.org\/wiki\/Taxe_t%C3%A9l%C3%A9coms#cite_note-2\">2<\/a><\/sup> afin de financer <a title=\"France T\u00e9l\u00e9visions\" href=\"http:\/\/fr.wikipedia.org\/wiki\/France_T%C3%A9l%C3%A9visions\">France T\u00e9l\u00e9visions<\/a> apr\u00e8s la suppression de la diffusion de <a title=\"Publicit\u00e9\" href=\"http:\/\/fr.wikipedia.org\/wiki\/Publicit%C3%A9\">publicit\u00e9s<\/a> en soir\u00e9e sur les cha\u00eenes du groupe<sup id=\"cite_ref-lemonde.fr_3-0\"><a href=\"http:\/\/fr.wikipedia.org\/wiki\/Taxe_t%C3%A9l%C3%A9coms#cite_note-lemonde.fr-3\">3<\/a><\/sup>.<\/p><\/blockquote>\n<p style=\"text-align: justify;\">Nous d\u00e9couvrons aussi que la cour de Justice Europ\u00e9enne, en d\u00e9clarant cette taxe l\u00e9gale, vient de faire \u00e9conomiser 1,3 milliards d&#8217;euros \u00e0 l&#8217;\u00c9tat fran\u00e7ais, comme nous l&#8217;explique Latribune.fr dans cet article, <a href=\"http:\/\/www.latribune.fr\/technos-medias\/telecoms\/20130627trib000772677\/la-taxe-telecoms-validee-par-la-justice-europeenne.html\">La &#8220;taxe T\u00e9l\u00e9coms&#8221; valid\u00e9e par la justice europ\u00e9enne<\/a>:<\/p>\n<blockquote><p>Une victoire pour la France. En pleine bataille sur l&#8217;exception culturelle entre Paris et Bruxelles, la Cour europ\u00e9enne de justice (CEJ) vient de donner raison \u00e0 la France au sujet de la taxe Cop\u00e9, mise en place en 2009.<\/p><\/blockquote>\n<p style=\"text-align: justify;\">Quelques questions pourraient \u00eatre pos\u00e9es:<\/p>\n<p style=\"text-align: justify;\">\u00c0 quel usage est destin\u00e9e dor\u00e9navant la manne g\u00e9n\u00e9r\u00e9e par la Redevance t\u00e9l\u00e9vision, qui co\u00fbtait 125 euros par foyer fiscal en 2012, co\u00fbtera 131 euros en 2013 en m\u00e9tropole, et 85 euros dans les DOM ?<\/p>\n<p style=\"text-align: justify;\">Le montant pr\u00e9visible de l&#8217;amende qui a \u00e9t\u00e9 \u00e9pargn\u00e9e \u00e0 l&#8217;\u00c9tat fran\u00e7ais sera-t-il d\u00e9di\u00e9 \u00e0 des d\u00e9penses utiles pour l&#8217;ensemble des habitants de la France ?<\/p>\n<p style=\"text-align: justify;\">Pour les familles ne voulant pas de t\u00e9l\u00e9vision, o\u00f9 est l&#8217;\u00e9quit\u00e9 dans le fait de contribuer de mani\u00e8re obligatoire au service public audiovisuel fran\u00e7ais ?<\/p>\n<p style=\"text-align: justify;\">Enfin qu&#8217;est-ce que cette \u00ab exception culturelle \u00bb qui permettrait \u00e0 la France de taxer \u00e0 tour de bras : l&#8217;acc\u00e8s \u00e0 Internet, le prix des media de stockage comme les CD les DVD et les disques durs, que l&#8217;on soit ou non fan des derniers groupes \u00e0 la mode ?<\/p>\n<p style=\"text-align: justify;\">\u00c0 noter, bien que sans n\u00e9cessit\u00e9 d&#8217;approfondir, que cette taxe tombe sur les internautes priv\u00e9s, professionnels, \u00e9coliers, \u00e9tudiants, jeunes, vieux, riches, pauvres, sur les associations et aussi sur les administrations !<\/p>\n<p style=\"text-align: justify;\">Internet a \u00e9t\u00e9 cr\u00e9\u00e9 pour \u00eatre un moyen de communication facile rapide et gratuit. Craignons que cela ne devienne de moins en moins vrai !<\/p>\n<h2 style=\"text-align: justify;\">Internet vecteur de libert\u00e9 d&#8217;expression et d&#8217;acc\u00e8s \u00e0 la connaissance<\/h2>\n<p style=\"text-align: justify;\">Depuis le 5 juillet 2012, <a title=\"L'ONU reconna\u00eet le droit \u00e0 la libert\u00e9 d'expression sur Internet\" href=\"http:\/\/www.lemonde.fr\/technologies\/article\/2012\/07\/06\/l-onu-reconnait-le-droit-a-la-liberte-d-expression-sur-internet_1730303_651865.html\" target=\"_blank\" rel=\"noopener\">L&#8217;ONU reconna\u00eet le droit \u00e0 la libert\u00e9 d&#8217;expression sur Internet. <\/a><\/p>\n<blockquote><p>Le texte onusien affirme que les droits qui s&#8217;appliquent hors ligne, en particulier la libert\u00e9 d&#8217;expression, doivent \u00eatre prot\u00e9g\u00e9s aussi en ligne, \u00e0 travers n&#8217;importe quel media, et ind\u00e9pendamment des fronti\u00e8res. <strong>La r\u00e9solution appelle encore tous les Etats \u00e0 promouvoir et faciliter l&#8217;acc\u00e8s \u00e0 Internet<\/strong> et la coop\u00e9ration internationale visant \u00e0 faciliter le d\u00e9veloppement des m\u00e9dias et des communications dans tous les pays.<\/p><\/blockquote>\n<p style=\"text-align: justify;\">Ce serait \u00e9tonnant qu&#8217;ajouter des taxes <strong>ill\u00e9gitimes<\/strong> facilitent l&#8217;acc\u00e8s \u00e0 Internet ? \u00c0 moins que <strong>vous ne pensiez<\/strong> qu&#8217;une taxe pour financer le service public audiovisuel soit l\u00e9gitime ? Voire !\u00a0 Slystone, contributeur sur <a title=\"Framablog\" href=\"http:\/\/www.framablog.org\/index.php\" target=\"_blank\" rel=\"noopener\">le Framablog<\/a>, nous explique ceci dans dans son billet \u00ab<a href=\"http:\/\/www.slystone.legtux.org\/blog\/?p=463\">Ces dinosaures qui ne veulent pas crever<\/a>\u00bb:<\/p>\n<blockquote><p>Franchement je n\u2019ai aucune intention de financer ce truc, Internet permet au contraire d\u2019\u00eatre actif, de s\u2019exprimer, de suivre des cours, d\u2019apprendre des langues \u00e9trang\u00e8res, etc. Pourquoi devrais-je financer un truc que je ne vais jamais regarder\u202f?<\/p><\/blockquote>\n<p style=\"text-align: justify;\">Vous direz peut-\u00eatre, \u00abquestion de point de vue\u00bb, n&#8217;est-ce pas ? Mais ce n&#8217;est pas tout. Slystone explique aussi un peu plus loin dans son article (attention, longue citation):<\/p>\n<blockquote><p>Le dinosaure, non content de jouer la sangsue et pr\u00e9tendre qu\u2019il est indispensable\u2026 n\u2019est pas accessible de mani\u00e8re universelle sur Internet, faisant ainsi fi de son obligation de service public. En effet, j\u2019ai v\u00e9rifi\u00e9 que si on veut acc\u00e9der \u00e0 la vid\u00e9o d\u2019une emission sur un site de la t\u00e9l\u00e9vision publique, on nous impose le plugin Flash. Et Flash, c\u2019est le mal, laissez-moi vous expliquer en deux mots pourquoi. Pour les libristes comme moi, qui utilisons donc des syst\u00e8mes d\u2019exploitation libres, le plugin Flash est d\u00e9test\u00e9. Il est instable, consomme \u00e9norm\u00e9ment de ressources (processeur et ram), plante souvent, est tr\u00e8s instable quand on a r\u00e9ussi \u00e0 l\u2019installer, et pour parfaire le tout il n\u2019est m\u00eame plus maintenu. Plus grave, c\u2019est un logiciel propri\u00e9taire, ce qui va \u00e0 l\u2019encontre de notre philosophie. Il faut choisir entre regarder une \u00e9mission et accepter un code inconnu, et dans ce dernier cas perdre le contr\u00f4le sur notre machine. Donc on ne veut pas utiliser Flash. Dans mon cas je ne peux m\u00eame pas l\u2019utiliser. J\u2019ai un netbook assez peu v\u00e9loce, et une lecture avec Flash sera au mieux saccad\u00e9e. D\u2019ailleurs Apple a tout bonnement d\u00e9cid\u00e9 de l\u2019<a title=\"pas de Flash sur les Ipads\" href=\"http:\/\/www.linformaticien.com\/actualites\/id\/8234\/apple-pourquoi-steve-jobs-ne-veut-pas-de-flash.aspx\">interdire sur les Ipads<\/a>. Comme quoi il n\u2019y a pas besoin d\u2019\u00eatre libriste pour le d\u00e9tester. Donc Adieu le service de la t\u00e9l\u00e9vision publique sur Internet.<\/p><\/blockquote>\n<p style=\"text-align: justify;\">Et ce n&#8217;est pas encore tout : l&#8217;acc\u00e8s aux contenus des vid\u00e9os construites avec <a title=\"Adobe Flash\" href=\"http:\/\/fr.wikipedia.org\/wiki\/Adobe_Flash\" target=\"_blank\" rel=\"noopener\">Flash <\/a>a \u00e9t\u00e9 longtemps limit\u00e9 aux internautes b\u00e9n\u00e9ficiant d&#8217;une vue normale, alors que les internautes malvoyants et aveugles ne pouvaient absolument pas prendre connaissance de ces contenus.<\/p>\n<p style=\"text-align: justify;\">C&#8217;est depuis peu que Flash peut \u00eatre accessible, \u00e0 l&#8217;aide de programme professionnels non libres de la maison Adobe, bien entendu, comme nous pouvons le lire sur la page <a title=\"Cr\u00e9ation de contenu accessible\" href=\"http:\/\/help.adobe.com\/fr_FR\/flash\/cs\/using\/WSd5f4b6c52cfaa4b1-267ca8f5133a966eefa-8000.html\" target=\"_blank\" rel=\"noopener\">Cr\u00e9ation de contenu accessible<\/a>. Avouez que pour un internet libre et gratuit, c&#8217;est encore un peu loup\u00e9 !<\/p>\n<p style=\"text-align: justify;\">La conclusion de Slystone est un constat:<\/p>\n<blockquote><p>Cette taxe sur les connexions Internet ne serait pas la premi\u00e8re. Sous Sarkozy une taxe Cop\u00e9 avait d\u00e9j\u00e0 \u00e9t\u00e9 instaur\u00e9e, ponctionnant 0,9 du chiffre d\u2019affaires des fournisseurs d\u2019acc\u00e8s Internet pour compenser le manque \u00e0 gagner suite \u00e0 la fin de la publicit\u00e9 \u00e0 la t\u00e9l\u00e9vision. On paye d\u00e9j\u00e0 pour ce satan\u00e9 dinosaure. Visiblement il a encore faim et veut nous sucer le sang jusqu\u2019au bout\u2026<\/p><\/blockquote>\n<p style=\"text-align: justify;\">Ma conclusion sera un questionnement : faudra-t-il attendre l&#8217;extinction du Dinosaure \u00e9tatique pour esp\u00e9rer continuer \u00e0 surfer librement sans craindre <a title=\"\u00c9p\u00e9e de Damocl\u00e8s\" href=\"http:\/\/fr.wikipedia.org\/wiki\/%C3%89p%C3%A9e_de_Damocl%C3%A8s\" target=\"_blank\" rel=\"noopener\">la Taxe suspendue au-dessus de nos t\u00eates<\/a>, ou bien faudra-t-il le combattre ainsi que le fit <a title=\"Georges de Lydda\" href=\"http:\/\/fr.wikipedia.org\/wiki\/Georges_de_Lydda\" target=\"_blank\" rel=\"noopener\">Saint Georges<\/a> qui vainquit le dragon ?<\/p>\n<p style=\"text-align: justify;\">\n","protected":false},"excerpt":{"rendered":"<p><span class=\"span-reading-time rt-reading-time\" style=\"display: block;\"><span class=\"rt-label rt-prefix\">Temps de lecture\u00a0: <\/span> <span class=\"rt-time\"> 5<\/span> <span class=\"rt-label rt-postfix\">minutes<\/span><\/span>Depuis plusieurs ann\u00e9es l&#8217;\u00c9tat fran\u00e7ais se bat pour faire accepter une taxe ou une partie de taxe sur l&#8217;abonnement aux r\u00e9seaux Internet. En 2009, la taxe Cop\u00e9, taxe sur les op\u00e9rateurs t\u00e9l\u00e9com est instaur\u00e9e pour compenser une perte de revenu : les cha\u00eenes publiques de t\u00e9l\u00e9vision diffuseraient de moins en moins de publicit\u00e9. Mais cette [&hellip;]<\/p>\n","protected":false},"author":1,"featured_media":0,"comment_status":"open","ping_status":"open","sticky":false,"template":"","format":"standard","meta":{"_s2mail":"","footnotes":""},"categories":[17],"tags":[68,67],"class_list":["post-237","post","type-post","status-publish","format-standard","hentry","category-societe","tag-taxe-service-audiovisuel","tag-taxe-telecom"],"jetpack_featured_media_url":"","_links":{"self":[{"href":"https:\/\/orditux.org\/aol\/wp-json\/wp\/v2\/posts\/237","targetHints":{"allow":["GET"]}}],"collection":[{"href":"https:\/\/orditux.org\/aol\/wp-json\/wp\/v2\/posts"}],"about":[{"href":"https:\/\/orditux.org\/aol\/wp-json\/wp\/v2\/types\/post"}],"author":[{"embeddable":true,"href":"https:\/\/orditux.org\/aol\/wp-json\/wp\/v2\/users\/1"}],"replies":[{"embeddable":true,"href":"https:\/\/orditux.org\/aol\/wp-json\/wp\/v2\/comments?post=237"}],"version-history":[{"count":2,"href":"https:\/\/orditux.org\/aol\/wp-json\/wp\/v2\/posts\/237\/revisions"}],"predecessor-version":[{"id":2782,"href":"https:\/\/orditux.org\/aol\/wp-json\/wp\/v2\/posts\/237\/revisions\/2782"}],"wp:attachment":[{"href":"https:\/\/orditux.org\/aol\/wp-json\/wp\/v2\/media?parent=237"}],"wp:term":[{"taxonomy":"category","embeddable":true,"href":"https:\/\/orditux.org\/aol\/wp-json\/wp\/v2\/categories?post=237"},{"taxonomy":"post_tag","embeddable":true,"href":"https:\/\/orditux.org\/aol\/wp-json\/wp\/v2\/tags?post=237"}],"curies":[{"name":"wp","href":"https:\/\/api.w.org\/{rel}","templated":true}]}}