{"id":2293,"date":"2022-09-14T13:47:45","date_gmt":"2022-09-14T11:47:45","guid":{"rendered":"https:\/\/orditux.org\/aol\/?p=2293"},"modified":"2026-03-13T07:17:18","modified_gmt":"2026-03-13T05:17:18","slug":"automne-2022-pc-reconditionnes-prix-en-baisse","status":"publish","type":"post","link":"https:\/\/orditux.org\/aol\/2022\/09\/14\/automne-2022-pc-reconditionnes-prix-en-baisse\/","title":{"rendered":"Automne 2022 PC reconditionn\u00e9s prix en baisse"},"content":{"rendered":"<span class=\"span-reading-time rt-reading-time\" style=\"display: block;\"><span class=\"rt-label rt-prefix\">Temps de lecture\u00a0: <\/span> <span class=\"rt-time\"> &lt;\u00a01<\/span> <span class=\"rt-label rt-postfix\">minute<\/span><\/span><p style=\"text-align: justify;\">Les prix des produits et des services augmentent partout et dans toutes les sortes de biens et services ? Non pas dans tous : un secteur r\u00e9siste encore et toujours \u00e0 <del>l&#8217;envahissseur<\/del> l&#8217;augmentation des prix !<\/p>\n<p style=\"text-align: justify;\">Alors que les confinements Covid avaient impuls\u00e9 une g\u00e9n\u00e9ralisation du t\u00e9l\u00e9travail, l&#8217;acc\u00e8s \u00e0 l&#8217;achat d&#8217;ordinateurs reconditionn\u00e9s \u00e9tait devenu difficile, avec des tarifs ayant dramatiquement augment\u00e9, c&#8217;est maintenant l&#8217;inverse qui se produit.<\/p>\n<p style=\"text-align: justify;\">Cette rentr\u00e9e voit appara\u00eetre des baisses de prix et des promotions sur un certain nombre d&#8217;appareils remis en circulation par diverses soci\u00e9t\u00e9s de reconditionnement chez la plupart de nos fournisseurs.<\/p>\n<p style=\"text-align: justify;\">\n","protected":false},"excerpt":{"rendered":"<p><span class=\"span-reading-time rt-reading-time\" style=\"display: block;\"><span class=\"rt-label rt-prefix\">Temps de lecture\u00a0: <\/span> <span class=\"rt-time\"> &lt;\u00a01<\/span> <span class=\"rt-label rt-postfix\">minute<\/span><\/span>Les prix des produits et des services augmentent partout et dans toutes les sortes de biens et services ? Non pas dans tous : un secteur r\u00e9siste encore et toujours \u00e0 l&#8217;envahissseur l&#8217;augmentation des prix ! Alors que les confinements Covid avaient impuls\u00e9 une g\u00e9n\u00e9ralisation du t\u00e9l\u00e9travail, l&#8217;acc\u00e8s \u00e0 l&#8217;achat d&#8217;ordinateurs reconditionn\u00e9s \u00e9tait devenu difficile, [&hellip;]<\/p>\n","protected":false},"author":1,"featured_media":0,"comment_status":"open","ping_status":"open","sticky":false,"template":"","format":"standard","meta":{"_s2mail":"","footnotes":""},"categories":[114],"tags":[],"class_list":["post-2293","post","type-post","status-publish","format-standard","hentry","category-business"],"jetpack_featured_media_url":"","_links":{"self":[{"href":"https:\/\/orditux.org\/aol\/wp-json\/wp\/v2\/posts\/2293","targetHints":{"allow":["GET"]}}],"collection":[{"href":"https:\/\/orditux.org\/aol\/wp-json\/wp\/v2\/posts"}],"about":[{"href":"https:\/\/orditux.org\/aol\/wp-json\/wp\/v2\/types\/post"}],"author":[{"embeddable":true,"href":"https:\/\/orditux.org\/aol\/wp-json\/wp\/v2\/users\/1"}],"replies":[{"embeddable":true,"href":"https:\/\/orditux.org\/aol\/wp-json\/wp\/v2\/comments?post=2293"}],"version-history":[{"count":4,"href":"https:\/\/orditux.org\/aol\/wp-json\/wp\/v2\/posts\/2293\/revisions"}],"predecessor-version":[{"id":3181,"href":"https:\/\/orditux.org\/aol\/wp-json\/wp\/v2\/posts\/2293\/revisions\/3181"}],"wp:attachment":[{"href":"https:\/\/orditux.org\/aol\/wp-json\/wp\/v2\/media?parent=2293"}],"wp:term":[{"taxonomy":"category","embeddable":true,"href":"https:\/\/orditux.org\/aol\/wp-json\/wp\/v2\/categories?post=2293"},{"taxonomy":"post_tag","embeddable":true,"href":"https:\/\/orditux.org\/aol\/wp-json\/wp\/v2\/tags?post=2293"}],"curies":[{"name":"wp","href":"https:\/\/api.w.org\/{rel}","templated":true}]}}