{"id":2210,"date":"2022-05-04T11:57:10","date_gmt":"2022-05-04T09:57:10","guid":{"rendered":"https:\/\/orditux.org\/aol\/?p=2210"},"modified":"2026-03-13T07:04:45","modified_gmt":"2026-03-13T05:04:45","slug":"pc-portable-reconditionne-sans-os","status":"publish","type":"post","link":"https:\/\/orditux.org\/aol\/2022\/05\/04\/pc-portable-reconditionne-sans-os\/","title":{"rendered":"PC portable reconditionn\u00e9 sans OS"},"content":{"rendered":"<span class=\"span-reading-time rt-reading-time\" style=\"display: block;\"><span class=\"rt-label rt-prefix\">Temps de lecture\u00a0: <\/span> <span class=\"rt-time\"> &lt;\u00a01<\/span> <span class=\"rt-label rt-postfix\">minute<\/span><\/span><p style=\"text-align: justify;\">Actuellement un de mes fournisseurs en ordinateurs portables reconditionn\u00e9s propose un PC sans OS. Bien entendu si cet ordinateur vous int\u00e9resse et que vous souhaitiez que je l&#8217;\u00e9quipe d&#8217;un syst\u00e8me d&#8217;exploitation, ce sera possible.<\/p>\n<p style=\"text-align: justify;\">Autrement, il s&#8217;adressera plut\u00f4t \u00e0 des personnes souhaitant installer leur syst\u00e8me par eux-m\u00eames, en toute autonomie.<\/p>\n<div id=\"attachment_2211\" class=\"wp-caption aligncenter\" style=\"width: 646px\"><img data-recalc-dims=\"1\" decoding=\"async\" class=\"wp-image-2211 size-large\" title=\"HP Probook 450 G2 (photo non contractuelle)\" src=\"https:\/\/i0.wp.com\/orditux.org\/aol\/files\/2022\/05\/HP-Probook-450_G2-4-photos.png?resize=646%2C343&#038;ssl=1\" alt=\"HP Probook 450 G2 \" width=\"646\" height=\"343\" srcset=\"https:\/\/i0.wp.com\/orditux.org\/aol\/files\/2022\/05\/HP-Probook-450_G2-4-photos.png?resize=1024%2C543&amp;ssl=1 1024w, https:\/\/i0.wp.com\/orditux.org\/aol\/files\/2022\/05\/HP-Probook-450_G2-4-photos.png?resize=300%2C159&amp;ssl=1 300w, https:\/\/i0.wp.com\/orditux.org\/aol\/files\/2022\/05\/HP-Probook-450_G2-4-photos.png?resize=768%2C407&amp;ssl=1 768w, https:\/\/i0.wp.com\/orditux.org\/aol\/files\/2022\/05\/HP-Probook-450_G2-4-photos.png?resize=1536%2C814&amp;ssl=1 1536w, https:\/\/i0.wp.com\/orditux.org\/aol\/files\/2022\/05\/HP-Probook-450_G2-4-photos.png?resize=2048%2C1086&amp;ssl=1 2048w, https:\/\/i0.wp.com\/orditux.org\/aol\/files\/2022\/05\/HP-Probook-450_G2-4-photos.png?resize=24%2C13&amp;ssl=1 24w, https:\/\/i0.wp.com\/orditux.org\/aol\/files\/2022\/05\/HP-Probook-450_G2-4-photos.png?resize=36%2C19&amp;ssl=1 36w, https:\/\/i0.wp.com\/orditux.org\/aol\/files\/2022\/05\/HP-Probook-450_G2-4-photos.png?resize=48%2C25&amp;ssl=1 48w, https:\/\/i0.wp.com\/orditux.org\/aol\/files\/2022\/05\/HP-Probook-450_G2-4-photos.png?w=1292&amp;ssl=1 1292w, https:\/\/i0.wp.com\/orditux.org\/aol\/files\/2022\/05\/HP-Probook-450_G2-4-photos.png?w=1938&amp;ssl=1 1938w\" sizes=\"(max-width: 646px) 100vw, 646px\" \/><p class=\"wp-caption-text\">HP Probook 450 G2 (photo non contractuelle)<\/p><\/div>\n<p style=\"text-align: justify;\">Voici les caract\u00e9ristiques principales:<\/p>\n<ul style=\"text-align: justify;\">\n<li>\u00c9cran 15,6&#8243; Led<\/li>\n<li>Processeur i5 5\u00e8me g\u00e9n\u00e9ration 2;2 Ghz, 2,7Ghz en mode turbo<\/li>\n<li>4 Go de RAM extensible \u00e0 16 Go DDR3L-SDRAM (deux slots)<\/li>\n<li>Vid\u00e9o HD 5500<\/li>\n<li>Stockage SSD 128 Go<\/li>\n<li>Lecteur DVD-RW<\/li>\n<li>Pav\u00e9 num\u00e9rique<\/li>\n<li>Grade B (traces d&#8217;usure, tout \u00e0 fait fonctionnel).<\/li>\n<li>Garantie 6 mois sur le PC et sur la batterie.<\/li>\n<\/ul>\n<p style=\"text-align: justify;\">Le prix livr\u00e9 tel quel : 300 euros TTC.<\/p>\n<p style=\"text-align: justify;\">Command\u00e9 aujourd&#8217;hui, livr\u00e9 sous 1 semaine environ, ou un peu plus si vous souhaitez le recevoir avec votre syst\u00e8me d&#8217;exploitation personnalis\u00e9 d\u00e9j\u00e0 install\u00e9.<\/p>\n","protected":false},"excerpt":{"rendered":"<p><span class=\"span-reading-time rt-reading-time\" style=\"display: block;\"><span class=\"rt-label rt-prefix\">Temps de lecture\u00a0: <\/span> <span class=\"rt-time\"> &lt;\u00a01<\/span> <span class=\"rt-label rt-postfix\">minute<\/span><\/span>Actuellement un de mes fournisseurs en ordinateurs portables reconditionn\u00e9s propose un PC sans OS. Bien entendu si cet ordinateur vous int\u00e9resse et que vous souhaitiez que je l&#8217;\u00e9quipe d&#8217;un syst\u00e8me d&#8217;exploitation, ce sera possible. Autrement, il s&#8217;adressera plut\u00f4t \u00e0 des personnes souhaitant installer leur syst\u00e8me par eux-m\u00eames, en toute autonomie. Voici les caract\u00e9ristiques principales: \u00c9cran [&hellip;]<\/p>\n","protected":false},"author":1,"featured_media":0,"comment_status":"open","ping_status":"open","sticky":false,"template":"","format":"standard","meta":{"_s2mail":"","footnotes":""},"categories":[129,146],"tags":[127,155,124,71,143],"class_list":["post-2210","post","type-post","status-publish","format-standard","hentry","category-economie-circulaire","category-vente-dordinateurs","tag-pc","tag-qualite_professionnelle","tag-reconditionne","tag-reemploi-dordinateurs","tag-reemploi_informatique"],"jetpack_featured_media_url":"","_links":{"self":[{"href":"https:\/\/orditux.org\/aol\/wp-json\/wp\/v2\/posts\/2210","targetHints":{"allow":["GET"]}}],"collection":[{"href":"https:\/\/orditux.org\/aol\/wp-json\/wp\/v2\/posts"}],"about":[{"href":"https:\/\/orditux.org\/aol\/wp-json\/wp\/v2\/types\/post"}],"author":[{"embeddable":true,"href":"https:\/\/orditux.org\/aol\/wp-json\/wp\/v2\/users\/1"}],"replies":[{"embeddable":true,"href":"https:\/\/orditux.org\/aol\/wp-json\/wp\/v2\/comments?post=2210"}],"version-history":[{"count":2,"href":"https:\/\/orditux.org\/aol\/wp-json\/wp\/v2\/posts\/2210\/revisions"}],"predecessor-version":[{"id":3167,"href":"https:\/\/orditux.org\/aol\/wp-json\/wp\/v2\/posts\/2210\/revisions\/3167"}],"wp:attachment":[{"href":"https:\/\/orditux.org\/aol\/wp-json\/wp\/v2\/media?parent=2210"}],"wp:term":[{"taxonomy":"category","embeddable":true,"href":"https:\/\/orditux.org\/aol\/wp-json\/wp\/v2\/categories?post=2210"},{"taxonomy":"post_tag","embeddable":true,"href":"https:\/\/orditux.org\/aol\/wp-json\/wp\/v2\/tags?post=2210"}],"curies":[{"name":"wp","href":"https:\/\/api.w.org\/{rel}","templated":true}]}}