{"id":2189,"date":"2022-04-28T07:23:14","date_gmt":"2022-04-28T05:23:14","guid":{"rendered":"https:\/\/orditux.org\/aol\/?p=2189"},"modified":"2026-02-03T22:58:50","modified_gmt":"2026-02-03T20:58:50","slug":"huit-ordinateurs-portables-reconditionnes","status":"publish","type":"post","link":"https:\/\/orditux.org\/aol\/2022\/04\/28\/huit-ordinateurs-portables-reconditionnes\/","title":{"rendered":"Huit ordinateurs portables reconditionn\u00e9s"},"content":{"rendered":"<span class=\"span-reading-time rt-reading-time\" style=\"display: block;\"><span class=\"rt-label rt-prefix\">Temps de lecture\u00a0: <\/span> <span class=\"rt-time\"> 4<\/span> <span class=\"rt-label rt-postfix\">minutes<\/span><\/span><p style=\"text-align: justify;\">Au d\u00e9but du mois d&#8217;avril je recevais 8 ordinateurs portables reconditionn\u00e9s identiques.<\/p>\n<div id=\"attachment_2190\" class=\"wp-caption aligncenter\" style=\"width: 300px\"><img data-recalc-dims=\"1\" decoding=\"async\" class=\"wp-image-2190 size-medium\" title=\"D\u00e9ballage des PC portables\" src=\"https:\/\/i0.wp.com\/orditux.org\/aol\/files\/2022\/04\/IMG_20220404_172754384.jpg?resize=300%2C225&#038;ssl=1\" alt=\"D\u00e9ballage des PC portables\" width=\"300\" height=\"225\" srcset=\"https:\/\/i0.wp.com\/orditux.org\/aol\/files\/2022\/04\/IMG_20220404_172754384.jpg?resize=300%2C225&amp;ssl=1 300w, https:\/\/i0.wp.com\/orditux.org\/aol\/files\/2022\/04\/IMG_20220404_172754384.jpg?resize=768%2C576&amp;ssl=1 768w, https:\/\/i0.wp.com\/orditux.org\/aol\/files\/2022\/04\/IMG_20220404_172754384.jpg?resize=24%2C18&amp;ssl=1 24w, https:\/\/i0.wp.com\/orditux.org\/aol\/files\/2022\/04\/IMG_20220404_172754384.jpg?resize=36%2C27&amp;ssl=1 36w, https:\/\/i0.wp.com\/orditux.org\/aol\/files\/2022\/04\/IMG_20220404_172754384.jpg?resize=48%2C36&amp;ssl=1 48w, https:\/\/i0.wp.com\/orditux.org\/aol\/files\/2022\/04\/IMG_20220404_172754384.jpg?w=1024&amp;ssl=1 1024w\" sizes=\"(max-width: 300px) 100vw, 300px\" \/><p class=\"wp-caption-text\">D\u00e9ballage des PC portables<\/p><\/div>\n<p style=\"text-align: justify;\">Quelle \u00e9tait la demande ? Mon client, le directeur de l&#8217;Association <strong><a title=\"Collecte sur Hello Asso\" href=\"https:\/\/www.helloasso.com\/associations\/bus-mobile-informatique\/collectes\/pour-enrayer-la-fracture-numerique-en-secteur-rural\" target=\"_blank\" rel=\"noopener\">Le Bus Mobile Informatique<\/a><\/strong>, que je remercie ici pour sa confiance, me demandait de lui fournir <strong>8 PC portables<\/strong> en <strong>15,6&#8243;<\/strong> avec <strong>pav\u00e9 num\u00e9rique<\/strong>, processeur <strong>i5<\/strong>, au moins <strong>8 Go de RAM<\/strong> et <strong>reconditionn\u00e9s<\/strong> !<\/p>\n<p style=\"text-align: justify;\">L&#8217;achat fut fait aupr\u00e8s d&#8217;un de mes tr\u00e8s bons fournisseurs chez qui je passe commande r\u00e9guli\u00e8rement depuis plusieurs ann\u00e9es car il garantit les ordinateurs, et surtout un service irr\u00e9prochable en cas de probl\u00e8me, ce qui peut se produire, sur des ordinateurs m\u00eame bien tri\u00e9s et remis en \u00e9tat.<\/p>\n<div id=\"attachment_2192\" class=\"wp-caption aligncenter\" style=\"width: 300px\"><img data-recalc-dims=\"1\" decoding=\"async\" class=\"size-medium wp-image-2192\" src=\"https:\/\/i0.wp.com\/orditux.org\/aol\/files\/2022\/04\/IMG_20220404_173632189.jpg?resize=300%2C225&#038;ssl=1\" alt=\"D\u00e9ballage seconde \u00e9tape\" width=\"300\" height=\"225\" srcset=\"https:\/\/i0.wp.com\/orditux.org\/aol\/files\/2022\/04\/IMG_20220404_173632189.jpg?resize=300%2C225&amp;ssl=1 300w, https:\/\/i0.wp.com\/orditux.org\/aol\/files\/2022\/04\/IMG_20220404_173632189.jpg?resize=768%2C576&amp;ssl=1 768w, https:\/\/i0.wp.com\/orditux.org\/aol\/files\/2022\/04\/IMG_20220404_173632189.jpg?resize=24%2C18&amp;ssl=1 24w, https:\/\/i0.wp.com\/orditux.org\/aol\/files\/2022\/04\/IMG_20220404_173632189.jpg?resize=36%2C27&amp;ssl=1 36w, https:\/\/i0.wp.com\/orditux.org\/aol\/files\/2022\/04\/IMG_20220404_173632189.jpg?resize=48%2C36&amp;ssl=1 48w, https:\/\/i0.wp.com\/orditux.org\/aol\/files\/2022\/04\/IMG_20220404_173632189.jpg?w=1024&amp;ssl=1 1024w\" sizes=\"(max-width: 300px) 100vw, 300px\" \/><p class=\"wp-caption-text\">D\u00e9ballage seconde \u00e9tape<\/p><\/div>\n<p style=\"text-align: justify;\">La difficult\u00e9 ici consistait \u00e0 trouver \u00e0 la fois le nombre demand\u00e9 dans les m\u00eame marque et mod\u00e8les, et venant avec un tarif r\u00e9ellement comp\u00e9titif pour pouvoir inclure des services, que je d\u00e9crirais un peu plus loin, et le tout sans d\u00e9passer le budget pr\u00e9vu par mon client.<\/p>\n<div id=\"attachment_2193\" class=\"wp-caption aligncenter\" style=\"width: 300px\"><img data-recalc-dims=\"1\" decoding=\"async\" class=\"size-medium wp-image-2193\" src=\"https:\/\/i0.wp.com\/orditux.org\/aol\/files\/2022\/04\/IMG_20220404_182126715.jpg?resize=300%2C296&#038;ssl=1\" alt=\"Toshiba Tecra R950\" width=\"300\" height=\"296\" srcset=\"https:\/\/i0.wp.com\/orditux.org\/aol\/files\/2022\/04\/IMG_20220404_182126715.jpg?resize=300%2C296&amp;ssl=1 300w, https:\/\/i0.wp.com\/orditux.org\/aol\/files\/2022\/04\/IMG_20220404_182126715.jpg?resize=24%2C24&amp;ssl=1 24w, https:\/\/i0.wp.com\/orditux.org\/aol\/files\/2022\/04\/IMG_20220404_182126715.jpg?resize=36%2C36&amp;ssl=1 36w, https:\/\/i0.wp.com\/orditux.org\/aol\/files\/2022\/04\/IMG_20220404_182126715.jpg?resize=48%2C48&amp;ssl=1 48w, https:\/\/i0.wp.com\/orditux.org\/aol\/files\/2022\/04\/IMG_20220404_182126715.jpg?w=730&amp;ssl=1 730w\" sizes=\"(max-width: 300px) 100vw, 300px\" \/><p class=\"wp-caption-text\">Toshiba Tecra R950<\/p><\/div>\n<p style=\"text-align: justify;\">C&#8217;est le Toshiba Tecra R950 qui a \u00e9t\u00e9 choisi. J&#8217;avais d\u00e9j\u00e0 fourni un de ces ordinateurs \u00e0 deux de mes clients qui en \u00e9taient satisfaits, et en ayant eu en mains je savais qu&#8217;ils \u00e9taient plut\u00f4t agr\u00e9ables \u00e0 utiliser.<\/p>\n<div id=\"attachment_2194\" class=\"wp-caption aligncenter\" style=\"width: 300px\"><img data-recalc-dims=\"1\" decoding=\"async\" class=\"size-medium wp-image-2194\" src=\"https:\/\/i0.wp.com\/orditux.org\/aol\/files\/2022\/04\/IMG_20220404_174014169.jpg?resize=300%2C225&#038;ssl=1\" alt=\"Toshiba Tecra R950 vu de c\u00f4t\u00e9\" width=\"300\" height=\"225\" srcset=\"https:\/\/i0.wp.com\/orditux.org\/aol\/files\/2022\/04\/IMG_20220404_174014169.jpg?resize=300%2C225&amp;ssl=1 300w, https:\/\/i0.wp.com\/orditux.org\/aol\/files\/2022\/04\/IMG_20220404_174014169.jpg?resize=768%2C576&amp;ssl=1 768w, https:\/\/i0.wp.com\/orditux.org\/aol\/files\/2022\/04\/IMG_20220404_174014169.jpg?resize=24%2C18&amp;ssl=1 24w, https:\/\/i0.wp.com\/orditux.org\/aol\/files\/2022\/04\/IMG_20220404_174014169.jpg?resize=36%2C27&amp;ssl=1 36w, https:\/\/i0.wp.com\/orditux.org\/aol\/files\/2022\/04\/IMG_20220404_174014169.jpg?resize=48%2C36&amp;ssl=1 48w, https:\/\/i0.wp.com\/orditux.org\/aol\/files\/2022\/04\/IMG_20220404_174014169.jpg?w=1024&amp;ssl=1 1024w\" sizes=\"(max-width: 300px) 100vw, 300px\" \/><p class=\"wp-caption-text\">Toshiba Tecra R950 vu de c\u00f4t\u00e9<\/p><\/div>\n<p style=\"text-align: justify;\">Achet\u00e9s dans la cat\u00e9gorie Grade B, certains viennent avec des d\u00e9fauts esth\u00e9tiques, mais rien qui ne puisse g\u00eaner l&#8217;usage courant ou les rendre plus fragiles sur la dur\u00e9e.<\/p>\n<div id=\"attachment_2195\" class=\"wp-caption aligncenter\" style=\"width: 300px\"><img data-recalc-dims=\"1\" decoding=\"async\" class=\"size-medium wp-image-2195\" src=\"https:\/\/i0.wp.com\/orditux.org\/aol\/files\/2022\/04\/IMG_20220404_202445099.jpg?resize=300%2C206&#038;ssl=1\" alt=\"S\u00e9rie de 4 pc portablesToshiba en cours de mises \u00e0 jour\" width=\"300\" height=\"206\" srcset=\"https:\/\/i0.wp.com\/orditux.org\/aol\/files\/2022\/04\/IMG_20220404_202445099.jpg?resize=300%2C206&amp;ssl=1 300w, https:\/\/i0.wp.com\/orditux.org\/aol\/files\/2022\/04\/IMG_20220404_202445099.jpg?resize=768%2C528&amp;ssl=1 768w, https:\/\/i0.wp.com\/orditux.org\/aol\/files\/2022\/04\/IMG_20220404_202445099.jpg?resize=24%2C17&amp;ssl=1 24w, https:\/\/i0.wp.com\/orditux.org\/aol\/files\/2022\/04\/IMG_20220404_202445099.jpg?resize=36%2C25&amp;ssl=1 36w, https:\/\/i0.wp.com\/orditux.org\/aol\/files\/2022\/04\/IMG_20220404_202445099.jpg?resize=48%2C33&amp;ssl=1 48w, https:\/\/i0.wp.com\/orditux.org\/aol\/files\/2022\/04\/IMG_20220404_202445099.jpg?w=878&amp;ssl=1 878w\" sizes=\"(max-width: 300px) 100vw, 300px\" \/><p class=\"wp-caption-text\">S\u00e9rie de 4 pc portablesToshiba en cours de mises \u00e0 jour<\/p><\/div>\n<p style=\"text-align: justify;\">Les 8 ordinateurs furent mis \u00e0 jour vers Windows 10, leurs cl\u00e9s d&#8217;activations int\u00e9gr\u00e9es \u00e0 l&#8217;ordinateur directement reconnues par le syst\u00e8me, et furent ensuite \u00e9quip\u00e9s d&#8217;une petite collection de logiciels sous licences libres pour tous les jours, dont:<\/p>\n<ul style=\"text-align: justify;\">\n<li>Npackd, pour installer des applications ;<\/li>\n<li>Mozilla Firefox, le navigateur web ;<\/li>\n<li>UltraDefrag pour am\u00e9liorer la d\u00e9fragmentation ;<\/li>\n<li>Libreoffice, la suite bureautique ;<\/li>\n<li>Mozilla Thunderbird, le client mail ;<\/li>\n<li>Smplayer, le lecteur audio \/ vid\u00e9o ;<\/li>\n<li>Peazip, le gestionnaire d&#8217;archives ;<\/li>\n<li>Sumatra PDF, pour lire des fichiers pdf, des ebooks, et autres ;<\/li>\n<li>PDF SAM pour manipuler des pdf, en r\u00e9arranger les pages\u2026<\/li>\n<\/ul>\n<p style=\"text-align: justify;\">Pour plus d&#8217;information sur chacun de ces logiciels libres, je vous invite \u00e0 parcourir <a title=\"Annuaire des logiciels libres\" href=\"https:\/\/framalibre.org\/\" target=\"_blank\" rel=\"noopener\">l&#8217;annuaire des logiciels libres<\/a> de l&#8217;Association Framasoft.<\/p>\n<p style=\"text-align: justify;\">Le processeur pour tous ces ordinateurs est un i5 : mais de 4\u00e8me g\u00e9n\u00e9ration, aussi dans 3 ou 4 ans ils ne pourront pas faire tourner la prochaine version de Windows qui exige ni plus ni moins qu&#8217;un processeur au niveau des Intel 8\u00e8me g\u00e9n\u00e9ration.<\/p>\n<p style=\"text-align: justify;\">Qu&#8217;\u00e0 cela ne tienne, j&#8217;esp\u00e8re que les utilisateurs d&#8217;ici l\u00e0 se seront habitu\u00e9s aux logiciels libres fournis, lesquels sont multiplateformes. Aussi ne devraient-ils pas avoir trop de difficult\u00e9 \u00e0 adopter un syst\u00e8me GNU\/Linux qui pourra continuer de faire fonctionner ces ordinateurs avec bonheur.<\/p>\n<p style=\"text-align: justify;\">Mes deux autres clients d\u00e9j\u00e0 dot\u00e9s d&#8217;un <strong>Toshiba Tecra R950<\/strong> utilisent d&#8217;ailleurs la distribution <strong><a title=\"Xubuntu sur ubuntu-fr.org\" href=\"https:\/\/doc.ubuntu-fr.org\/xubuntu\" target=\"_blank\" rel=\"noopener\"> Xubuntu sur ubuntu-fr.org<\/a><\/strong>, un syst\u00e8me d&#8217;exploitation simple fonctionnel et facile \u00e0 personnaliser.<\/p>\n<p style=\"text-align: justify;\">Je ne pourrais pas finir cet article sans citer la distribution <a title=\"Rescuezilla\" href=\"https:\/\/rescuezilla.com\/\" target=\"_blank\" rel=\"noopener\">Rescuezilla<\/a>, un clone de Clonezilla.<\/p>\n<p style=\"text-align: justify;\">Plus facile \u00e0 utiliser que son grand fr\u00e8re, et contrairement \u00e0 ce que son nom pourrait faire supposer il peut servir \u00e0 plus de choses que de la r\u00e9cup\u00e9ration :<\/p>\n<p style=\"text-align: justify;\">apr\u00e8s avoir pr\u00e9par\u00e9 plusieurs PC tour \u00e0 tour, j&#8217;ai voulu tenter de faire un clone depuis l&#8217;un d&#8217;entre eux pour installer les ordinateurs suivants plus vite. Les mod\u00e8les \u00e9tant identiques, m\u00eame si Windows est pointilleux, cela devait fonctionner. De plus, Rescuezilla fournit une option permettant de r\u00e9installer sur des supports physiques cibles plus petits que le p\u00e9riph\u00e9rique de stockage source.<\/p>\n<div id=\"attachment_2196\" class=\"wp-caption aligncenter\" style=\"width: 300px\"><img data-recalc-dims=\"1\" decoding=\"async\" class=\"size-medium wp-image-2196\" src=\"https:\/\/i0.wp.com\/orditux.org\/aol\/files\/2022\/04\/Demarrage-Rescuezilla.png?resize=300%2C225&#038;ssl=1\" alt=\"Rescuezilla choix de la langue\" width=\"300\" height=\"225\" srcset=\"https:\/\/i0.wp.com\/orditux.org\/aol\/files\/2022\/04\/Demarrage-Rescuezilla.png?resize=300%2C225&amp;ssl=1 300w, https:\/\/i0.wp.com\/orditux.org\/aol\/files\/2022\/04\/Demarrage-Rescuezilla.png?resize=24%2C18&amp;ssl=1 24w, https:\/\/i0.wp.com\/orditux.org\/aol\/files\/2022\/04\/Demarrage-Rescuezilla.png?resize=36%2C27&amp;ssl=1 36w, https:\/\/i0.wp.com\/orditux.org\/aol\/files\/2022\/04\/Demarrage-Rescuezilla.png?resize=48%2C36&amp;ssl=1 48w, https:\/\/i0.wp.com\/orditux.org\/aol\/files\/2022\/04\/Demarrage-Rescuezilla.png?w=640&amp;ssl=1 640w\" sizes=\"(max-width: 300px) 100vw, 300px\" \/><p class=\"wp-caption-text\">Rescuezilla choix de la langue<\/p><\/div>\n<p style=\"text-align: justify;\">R\u00e9sultat, avec une cl\u00e9 USB bootable contenant Rescuezilla d&#8217;un c\u00f4t\u00e9, et un disque dur externe en USB de l&#8217;autre pour contenir le clone, le clonage initial a n\u00e9cessit\u00e9 moins de 10 minutes, et chacune des installations s&#8217;est aussi compt\u00e9e en une poign\u00e9e de minutes.<br \/>\nPour personnaliser chaque ordinateur ainsi d\u00e9ploy\u00e9, j&#8217;ai utilis\u00e9 la commande Windows \u201cnetplwiz\u201d qui fournit une interface graphique permettant de g\u00e9rer les utilisateurs et gr\u00e2ce auquel j&#8217;ai pu changer directement le nom d&#8217;utilisateur dans chacune des machines.<\/p>\n<p style=\"text-align: justify;\">\n","protected":false},"excerpt":{"rendered":"<p><span class=\"span-reading-time rt-reading-time\" style=\"display: block;\"><span class=\"rt-label rt-prefix\">Temps de lecture\u00a0: <\/span> <span class=\"rt-time\"> 4<\/span> <span class=\"rt-label rt-postfix\">minutes<\/span><\/span>Au d\u00e9but du mois d&#8217;avril je recevais 8 ordinateurs portables reconditionn\u00e9s identiques. Quelle \u00e9tait la demande ? Mon client, le directeur de l&#8217;Association Le Bus Mobile Informatique, que je remercie ici pour sa confiance, me demandait de lui fournir 8 PC portables en 15,6&#8243; avec pav\u00e9 num\u00e9rique, processeur i5, au moins 8 Go de RAM [&hellip;]<\/p>\n","protected":false},"author":1,"featured_media":0,"comment_status":"open","ping_status":"open","sticky":false,"template":"","format":"standard","meta":{"_s2mail":"","footnotes":""},"categories":[114],"tags":[76,122,124,71],"class_list":["post-2189","post","type-post","status-publish","format-standard","hentry","category-business","tag-economie","tag-inclusion_numerique","tag-reconditionne","tag-reemploi-dordinateurs"],"jetpack_featured_media_url":"","_links":{"self":[{"href":"https:\/\/orditux.org\/aol\/wp-json\/wp\/v2\/posts\/2189","targetHints":{"allow":["GET"]}}],"collection":[{"href":"https:\/\/orditux.org\/aol\/wp-json\/wp\/v2\/posts"}],"about":[{"href":"https:\/\/orditux.org\/aol\/wp-json\/wp\/v2\/types\/post"}],"author":[{"embeddable":true,"href":"https:\/\/orditux.org\/aol\/wp-json\/wp\/v2\/users\/1"}],"replies":[{"embeddable":true,"href":"https:\/\/orditux.org\/aol\/wp-json\/wp\/v2\/comments?post=2189"}],"version-history":[{"count":1,"href":"https:\/\/orditux.org\/aol\/wp-json\/wp\/v2\/posts\/2189\/revisions"}],"predecessor-version":[{"id":2888,"href":"https:\/\/orditux.org\/aol\/wp-json\/wp\/v2\/posts\/2189\/revisions\/2888"}],"wp:attachment":[{"href":"https:\/\/orditux.org\/aol\/wp-json\/wp\/v2\/media?parent=2189"}],"wp:term":[{"taxonomy":"category","embeddable":true,"href":"https:\/\/orditux.org\/aol\/wp-json\/wp\/v2\/categories?post=2189"},{"taxonomy":"post_tag","embeddable":true,"href":"https:\/\/orditux.org\/aol\/wp-json\/wp\/v2\/tags?post=2189"}],"curies":[{"name":"wp","href":"https:\/\/api.w.org\/{rel}","templated":true}]}}