{"id":2176,"date":"2022-01-24T07:28:01","date_gmt":"2022-01-24T05:28:01","guid":{"rendered":"https:\/\/orditux.org\/aol\/?p=2176"},"modified":"2026-02-03T22:58:44","modified_gmt":"2026-02-03T20:58:44","slug":"formation-ubuntu-linux-acceleree-a-distance","status":"publish","type":"post","link":"https:\/\/orditux.org\/aol\/2022\/01\/24\/formation-ubuntu-linux-acceleree-a-distance\/","title":{"rendered":"Formation Ubuntu Linux acc\u00e9l\u00e9r\u00e9e \u00e0 distance"},"content":{"rendered":"<span class=\"span-reading-time rt-reading-time\" style=\"display: block;\"><span class=\"rt-label rt-prefix\">Temps de lecture\u00a0: <\/span> <span class=\"rt-time\"> 2<\/span> <span class=\"rt-label rt-postfix\">minutes<\/span><\/span><p style=\"text-align: justify;\"><span class=\"break-words\"><span dir=\"ltr\">Je souhaite remercier Monsieur Gael BREBEL, conseiller en herboristerie et en naturopathie, ainsi que son employeur Monsieur Jean-Fran\u00e7ois ASTIER, fondateur de l&#8217;entreprise <a href=\"https:\/\/naturamundi.com\">Natura Mundi<\/a>\u00a0 de Toulouse (31000) de m\u2019avoir fait confiance pour sa formation sur le syst\u00e8me Ubuntu Linux. \ud83d\udc27<br \/>\n<\/span><\/span><\/p>\n<p style=\"text-align: justify;\">L&#8217;entreprise Natura Mundi, engag\u00e9e dans la transition \u00e9cologique \ud83c\udf31 et sociale et s&#8217;\u00e9tait \u00e9quip\u00e9e d&#8217;ordinateurs durables fournis directement sous Ubuntu Linux depuis quelques temps.<\/p>\n<p style=\"text-align: justify;\">Cette formation \u00e0 distance \ud83d\udc69\u200d\ud83c\udfeb a eu lieu durant la premi\u00e8re semaine de janvier au d\u00e9but de cette ann\u00e9e 2022.<\/p>\n<p style=\"text-align: justify;\">Nous avons travaill\u00e9 du mardi au samedi en visio-conf\u00e9rence sur le logiciel libre <a href=\"https:\/\/bigbluebutton.org\/\">Big Blue Button<\/a>. \ud83d\udd18 Cette formation s&#8217;est d\u00e9roul\u00e9e de fa\u00e7on parfaite, Gael BREBEL ayant un bon niveau en tant qu&#8217;utilisateur. Il a \u00e9t\u00e9 un apprenant curieux et impliqu\u00e9.<\/p>\n<p style=\"text-align: justify;\">Nous avons abord\u00e9 des points essentiels comme l&#8217;arborescence du syst\u00e8me, \ud83c\udf32 les types de syst\u00e8mes de fichiers, les droits et permissions, les lignes de commandes principales et les outils graphiques essentiels pour l&#8217;administration \ud83d\udee0\ufe0f du syst\u00e8me au quotidien, et d&#8217;autres aspects autour du syst\u00e8me. Nous avons aussi \u00e9tudi\u00e9 l&#8217;emploi du gestionnaire de fichiers \ud83d\udcc1 Midnight Commander (mc), qui fournit de nombreuses fonctionnalit\u00e9s avanc\u00e9es.<\/p>\n<p style=\"text-align: justify;\">\u00c0 la fin de la formation Gael BREBEL a cr\u00e9\u00e9 une cheatsheet \ud83d\udcdd (un aide m\u00e9moire)\u00a0 en forme de tableau\u00a0 avec les diff\u00e9rentes commandes du shell BASH apprises et leurs options les plus fr\u00e9quemment utilis\u00e9es.<\/p>\n<p style=\"text-align: justify;\">Les syst\u00e8mes GNU\/Linux \ud83d\udc27 dans leur ensemble sont de plus en plus employ\u00e9s pour l&#8217;usage quotidien dans les familles et les entreprises, gr\u00e2ce \u00e0 l&#8217;\u00e9tendue des logiciels libres \ud83c\udd93 disponibles et de la convivialit\u00e9 des \u00e9ditions actuelles, et je suis heureuse d\u2019avoir pu r\u00e9pondre dans les meilleures conditions \u00e0 cette demande de formation. \ud83d\ude4f<\/p>\n<p style=\"text-align: justify;\">\n","protected":false},"excerpt":{"rendered":"<p><span class=\"span-reading-time rt-reading-time\" style=\"display: block;\"><span class=\"rt-label rt-prefix\">Temps de lecture\u00a0: <\/span> <span class=\"rt-time\"> 2<\/span> <span class=\"rt-label rt-postfix\">minutes<\/span><\/span>Je souhaite remercier Monsieur Gael BREBEL, conseiller en herboristerie et en naturopathie, ainsi que son employeur Monsieur Jean-Fran\u00e7ois ASTIER, fondateur de l&#8217;entreprise Natura Mundi\u00a0 de Toulouse (31000) de m\u2019avoir fait confiance pour sa formation sur le syst\u00e8me Ubuntu Linux. \ud83d\udc27 L&#8217;entreprise Natura Mundi, engag\u00e9e dans la transition \u00e9cologique \ud83c\udf31 et sociale et s&#8217;\u00e9tait \u00e9quip\u00e9e d&#8217;ordinateurs [&hellip;]<\/p>\n","protected":false},"author":1,"featured_media":0,"comment_status":"open","ping_status":"open","sticky":false,"template":"","format":"standard","meta":{"_s2mail":"","footnotes":""},"categories":[152],"tags":[153,5],"class_list":["post-2176","post","type-post","status-publish","format-standard","hentry","category-formation-gnu-linux","tag-formationlinux","tag-logiciels-libres-2"],"jetpack_featured_media_url":"","_links":{"self":[{"href":"https:\/\/orditux.org\/aol\/wp-json\/wp\/v2\/posts\/2176","targetHints":{"allow":["GET"]}}],"collection":[{"href":"https:\/\/orditux.org\/aol\/wp-json\/wp\/v2\/posts"}],"about":[{"href":"https:\/\/orditux.org\/aol\/wp-json\/wp\/v2\/types\/post"}],"author":[{"embeddable":true,"href":"https:\/\/orditux.org\/aol\/wp-json\/wp\/v2\/users\/1"}],"replies":[{"embeddable":true,"href":"https:\/\/orditux.org\/aol\/wp-json\/wp\/v2\/comments?post=2176"}],"version-history":[{"count":1,"href":"https:\/\/orditux.org\/aol\/wp-json\/wp\/v2\/posts\/2176\/revisions"}],"predecessor-version":[{"id":2887,"href":"https:\/\/orditux.org\/aol\/wp-json\/wp\/v2\/posts\/2176\/revisions\/2887"}],"wp:attachment":[{"href":"https:\/\/orditux.org\/aol\/wp-json\/wp\/v2\/media?parent=2176"}],"wp:term":[{"taxonomy":"category","embeddable":true,"href":"https:\/\/orditux.org\/aol\/wp-json\/wp\/v2\/categories?post=2176"},{"taxonomy":"post_tag","embeddable":true,"href":"https:\/\/orditux.org\/aol\/wp-json\/wp\/v2\/tags?post=2176"}],"curies":[{"name":"wp","href":"https:\/\/api.w.org\/{rel}","templated":true}]}}