{"id":2073,"date":"2021-09-25T14:27:58","date_gmt":"2021-09-25T12:27:58","guid":{"rendered":"https:\/\/orditux.org\/aol\/?p=2073"},"modified":"2026-02-03T22:58:02","modified_gmt":"2026-02-03T20:58:02","slug":"quand-vous-choisissez-les-meilleurs-pc-mais-doccasion","status":"publish","type":"post","link":"https:\/\/orditux.org\/aol\/2021\/09\/25\/quand-vous-choisissez-les-meilleurs-pc-mais-doccasion\/","title":{"rendered":"Quand vous choisissez les meilleurs PC mais d&#8217;occasion"},"content":{"rendered":"<span class=\"span-reading-time rt-reading-time\" style=\"display: block;\"><span class=\"rt-label rt-prefix\">Temps de lecture\u00a0: <\/span> <span class=\"rt-time\"> 4<\/span> <span class=\"rt-label rt-postfix\">minutes<\/span><\/span><p style=\"text-align: justify;\">\u00c0 l&#8217;atelier Orditux Informatique en Ari\u00e8ge vous pouvez acheter des PC fixes classiques ou <strong>Tout En Un<\/strong>, des portables ou des netbooks de qualit\u00e9 professionnelle, <span style=\"text-decoration: underline;\"><strong>garantis et reconditionn\u00e9s en France<\/strong><\/span>.<\/p>\n<p style=\"text-align: justify;\">L&#8217;\u00e9tat des ordinateurs ainsi disponibles \u00e0 la vente est signal\u00e9 par une lettre : grade A ou A+ selon les fournisseurs, ou grade B ou grade C.<\/p>\n<p style=\"text-align: justify;\">Les PC que nous proposons chez <strong>Orditux Informatique<\/strong> seront presque toujours dans la gamme la meilleure afin de fournir des ordinateurs non seulement performants mais en plus d&#8217;aspect impeccable.<\/p>\n<p style=\"text-align: justify;\">N&#8217;oublions pas les \u00e9conomies financi\u00e8res r\u00e9elles et l&#8217;\u00e9cologie car tout ordinateur n\u00e9cessite l&#8217;utilisation <a href=\"https:\/\/www.greenit.fr\/2020\/05\/26\/500-fois-son-poids-en-matiere-premiere\">de grandes quantit\u00e9s de mati\u00e8res premi\u00e8res<\/a> pour sa construction.<\/p>\n<h2 style=\"text-align: justify;\">Achetez mes PC !<\/h2>\n<p style=\"text-align: justify;\"><em>Dites-le \u00e0 haute voix sur le ton du marchand de poissons dans une BD connue \ud83d\ude09 <\/em><\/p>\n<div id=\"attachment_2080\" class=\"wp-caption aligncenter\" style=\"width: 1643px\"><img data-recalc-dims=\"1\" decoding=\"async\" class=\"wp-image-2080 size-full\" src=\"https:\/\/i0.wp.com\/orditux.org\/aol\/files\/2021\/09\/Dell-OptiPlex-7450-AIO.png?resize=646%2C296&#038;ssl=1\" alt=\"Photos de Dell Optiplex 7450\" width=\"646\" height=\"296\" srcset=\"https:\/\/i0.wp.com\/orditux.org\/aol\/files\/2021\/09\/Dell-OptiPlex-7450-AIO.png?w=1643&amp;ssl=1 1643w, https:\/\/i0.wp.com\/orditux.org\/aol\/files\/2021\/09\/Dell-OptiPlex-7450-AIO.png?resize=300%2C137&amp;ssl=1 300w, https:\/\/i0.wp.com\/orditux.org\/aol\/files\/2021\/09\/Dell-OptiPlex-7450-AIO.png?resize=1024%2C469&amp;ssl=1 1024w, https:\/\/i0.wp.com\/orditux.org\/aol\/files\/2021\/09\/Dell-OptiPlex-7450-AIO.png?resize=768%2C352&amp;ssl=1 768w, https:\/\/i0.wp.com\/orditux.org\/aol\/files\/2021\/09\/Dell-OptiPlex-7450-AIO.png?resize=1536%2C703&amp;ssl=1 1536w, https:\/\/i0.wp.com\/orditux.org\/aol\/files\/2021\/09\/Dell-OptiPlex-7450-AIO.png?resize=24%2C11&amp;ssl=1 24w, https:\/\/i0.wp.com\/orditux.org\/aol\/files\/2021\/09\/Dell-OptiPlex-7450-AIO.png?resize=36%2C16&amp;ssl=1 36w, https:\/\/i0.wp.com\/orditux.org\/aol\/files\/2021\/09\/Dell-OptiPlex-7450-AIO.png?resize=48%2C22&amp;ssl=1 48w, https:\/\/i0.wp.com\/orditux.org\/aol\/files\/2021\/09\/Dell-OptiPlex-7450-AIO.png?w=1292&amp;ssl=1 1292w\" sizes=\"(max-width: 646px) 100vw, 646px\" \/><p class=\"wp-caption-text\">Photos de Dell Optiplex 7450<\/p><\/div>\n<p style=\"text-align: justify;\">Il n&#8217;y a pas photo : acheter un ordinateur grand public avec tout un tas d&#8217;avantages apparents \u201cbling bling\u201d, que ce soit sur un site de vente en ligne (choisissez ici : Amazon, Cdiscount, Aliexpress, et autres), ou dans le supermarch\u00e9 du coin ne vous garantira pas la dur\u00e9e.<\/p>\n<p style=\"text-align: justify;\">Vous aurez beau avoir achet\u00e9 une extension de garantie pi\u00e8ces et main d&#8217;\u0153uvre, vous pourriez malgr\u00e9 tout \u00eatre d\u00e9\u00e7u.<\/p>\n<p style=\"text-align: justify;\">Un exemple r\u00e9cent:<\/p>\n<blockquote><p>Un de mes clients a envoy\u00e9 en SAV un appareil achet\u00e9 il y a environ deux ans, afin de b\u00e9n\u00e9ficier de la garantie quand son bel ordinateur tout en un est tomb\u00e9 en panne.<\/p>\n<p>D&#8217;abord il a d\u00fb l&#8217;envoyer au SAV <span style=\"text-decoration: underline;\"><strong>\u00e0 ses frais<\/strong><\/span> ce qui est quand m\u00eame incroyable, et en plus il a d\u00fb l&#8217;envoyer au SAV <span style=\"text-decoration: underline;\"><strong>dans un autre pays<\/strong><\/span> de la CEE.<\/p>\n<p>Une fois la machine revenue elle est tomb\u00e9e \u00e0 nouveau en panne un mois plus tard environ : retour au SAV, et frais de port \u00e0 nouveau et quelques semaines plus tard apr\u00e8s le retour l&#8217;ordinateur retombait en panne, mais cette fois hors garantie.<\/p><\/blockquote>\n<p style=\"text-align: justify;\">L&#8217;ordinateur a \u00e9t\u00e9 confi\u00e9 chez deux r\u00e9parateurs l&#8217;un apr\u00e8s l&#8217;autre et d\u00e9clar\u00e9 non r\u00e9parable.<\/p>\n<p style=\"text-align: justify;\">Bien s\u00fbr \u00e7a ne se passe pas toujours ainsi pour tous les ordinateurs des gammes grand public, mais au fil des ann\u00e9es cela semble \u00eatre de plus en plus fr\u00e9quent. Ces ordinateurs sont aussi souvent plus fragiles dans leur composition : les plastiques et les charni\u00e8res des PC portables par exemple sont bien moins r\u00e9sistants, ce qui les rend d\u00e9licats \u00e0 d\u00e9monter sans dommage lorsqu&#8217;il est n\u00e9cessaire de proc\u00e9der \u00e0 un nettoyage interne et changer des pi\u00e8ces.<\/p>\n<h2 style=\"text-align: justify;\">Y a-t-il d&#8217;autres alternatives ?<\/h2>\n<p style=\"text-align: justify;\">J&#8217;en connais au moins 2.<\/p>\n<p style=\"text-align: justify;\">Non, n&#8217;attendez pas que Tante Agathe vous l&#8217;offre et que Oncle Arthur vous en paie un autre quand celui de tante Agathe sera hors d&#8217;usage !<\/p>\n<p style=\"text-align: justify;\">Regardez plut\u00f4t : les mod\u00e8les professionnels neufs, et\u2026 L&#8217;occasion professionnelle garantie.<\/p>\n<p style=\"text-align: justify;\">Dans les gammes des ordinateurs d&#8217;occasion de gamme professionnelle, les prix pratiqu\u00e9s repr\u00e9sentent environ le tiers ou la moiti\u00e9 du prix d&#8217;origine, et l&#8217;exp\u00e9rience montre qu&#8217;ils sont plus durables que les mod\u00e8les grand public m\u00eame neufs.<\/p>\n<p style=\"text-align: justify;\">Par exemple, je dispose d&#8217;un petit ordinateur portable Lenovo Thinkpad x220, avec un \u00e9cran 12,5&#8243;. Il est sorti en 2011. \u00c0 ce jour il fonctionne parfaitement et gr\u00e2ce \u00e0 un SSD il propulse avec efficacit\u00e9 au choix Ubuntu Linux ou Windows 10 professionnel. Vous pouvez lire <a href=\"https:\/\/www.generation-nt.com\/lenovo-thinkpad-x220-ordinateur-ultra-portable-actualite-1171101.html\">une revue sur ce mod\u00e8le ici<\/a>.<\/p>\n<h2 style=\"text-align: justify;\">D\u00e9couvrez ce<strong> Tout En Un<\/strong> disponible actuellement<\/h2>\n<h4 style=\"text-align: justify;\">Dell OptiPlex 7450 AIO<\/h4>\n<p style=\"text-align: justify;\"><em>(cliquez sur les photos pour afficher la galerie)<\/em><\/p>\n\n\t\t<style>\n\t\t\t#gallery-1 {\n\t\t\t\tmargin: auto;\n\t\t\t}\n\t\t\t#gallery-1 .gallery-item {\n\t\t\t\tfloat: left;\n\t\t\t\tmargin-top: 10px;\n\t\t\t\ttext-align: center;\n\t\t\t\twidth: 25%;\n\t\t\t}\n\t\t\t#gallery-1 img {\n\t\t\t\tborder: 2px solid #cfcfcf;\n\t\t\t}\n\t\t\t#gallery-1 .gallery-caption {\n\t\t\t\tmargin-left: 0;\n\t\t\t}\n\t\t\t\/* see gallery_shortcode() in wp-includes\/media.php *\/\n\t\t<\/style>\n\t\t<div id='gallery-1' class='gallery galleryid-2073 gallery-columns-4 gallery-size-thumbnail'><dl class='gallery-item'>\n\t\t\t<dt class='gallery-icon landscape'>\n\t\t\t\t<a href='https:\/\/i0.wp.com\/orditux.org\/aol\/files\/2021\/09\/Dell_Optiplex_7450_AIO_Face.jpg?fit=1000%2C1000&ssl=1' title=\"\" data-rl_title=\"\" class=\"rl-gallery-link\" data-rl_caption=\"\" data-rel=\"lightbox-gallery-1\"><img decoding=\"async\" width=\"150\" height=\"150\" src=\"https:\/\/i0.wp.com\/orditux.org\/aol\/files\/2021\/09\/Dell_Optiplex_7450_AIO_Face.jpg?resize=150%2C150&amp;ssl=1\" class=\"attachment-thumbnail size-thumbnail\" alt=\"Dell Optiplex 7450 AIO\" aria-describedby=\"gallery-1-2074\" srcset=\"https:\/\/i0.wp.com\/orditux.org\/aol\/files\/2021\/09\/Dell_Optiplex_7450_AIO_Face.jpg?w=1000&amp;ssl=1 1000w, https:\/\/i0.wp.com\/orditux.org\/aol\/files\/2021\/09\/Dell_Optiplex_7450_AIO_Face.jpg?resize=300%2C300&amp;ssl=1 300w, https:\/\/i0.wp.com\/orditux.org\/aol\/files\/2021\/09\/Dell_Optiplex_7450_AIO_Face.jpg?resize=150%2C150&amp;ssl=1 150w, https:\/\/i0.wp.com\/orditux.org\/aol\/files\/2021\/09\/Dell_Optiplex_7450_AIO_Face.jpg?resize=768%2C768&amp;ssl=1 768w, https:\/\/i0.wp.com\/orditux.org\/aol\/files\/2021\/09\/Dell_Optiplex_7450_AIO_Face.jpg?resize=24%2C24&amp;ssl=1 24w, https:\/\/i0.wp.com\/orditux.org\/aol\/files\/2021\/09\/Dell_Optiplex_7450_AIO_Face.jpg?resize=36%2C36&amp;ssl=1 36w, https:\/\/i0.wp.com\/orditux.org\/aol\/files\/2021\/09\/Dell_Optiplex_7450_AIO_Face.jpg?resize=48%2C48&amp;ssl=1 48w\" sizes=\"(max-width: 150px) 100vw, 150px\" \/><\/a>\n\t\t\t<\/dt>\n\t\t\t\t<dd class='wp-caption-text gallery-caption' id='gallery-1-2074'>\n\t\t\t\tDell Optiplex 7450 AIO\n\t\t\t\t<\/dd><\/dl><dl class='gallery-item'>\n\t\t\t<dt class='gallery-icon landscape'>\n\t\t\t\t<a href='https:\/\/i0.wp.com\/orditux.org\/aol\/files\/2021\/09\/Dell_Optiplex_7450_AIO_bottom.png?fit=450%2C57&ssl=1' title=\"\" data-rl_title=\"\" class=\"rl-gallery-link\" data-rl_caption=\"\" data-rel=\"lightbox-gallery-1\"><img decoding=\"async\" width=\"150\" height=\"57\" src=\"https:\/\/i0.wp.com\/orditux.org\/aol\/files\/2021\/09\/Dell_Optiplex_7450_AIO_bottom.png?resize=150%2C57&amp;ssl=1\" class=\"attachment-thumbnail size-thumbnail\" alt=\"\" srcset=\"https:\/\/i0.wp.com\/orditux.org\/aol\/files\/2021\/09\/Dell_Optiplex_7450_AIO_bottom.png?resize=150%2C57&amp;ssl=1 150w, https:\/\/i0.wp.com\/orditux.org\/aol\/files\/2021\/09\/Dell_Optiplex_7450_AIO_bottom.png?zoom=2&amp;resize=150%2C57&amp;ssl=1 300w, https:\/\/i0.wp.com\/orditux.org\/aol\/files\/2021\/09\/Dell_Optiplex_7450_AIO_bottom.png?zoom=3&amp;resize=150%2C57&amp;ssl=1 450w\" sizes=\"(max-width: 150px) 100vw, 150px\" \/><\/a>\n\t\t\t<\/dt><\/dl><dl class='gallery-item'>\n\t\t\t<dt class='gallery-icon portrait'>\n\t\t\t\t<a href='https:\/\/i0.wp.com\/orditux.org\/aol\/files\/2021\/09\/Dell_Optiplex_7450_AIO_L_side.jpg?fit=176%2C326&ssl=1' title=\"\" data-rl_title=\"\" class=\"rl-gallery-link\" data-rl_caption=\"\" data-rel=\"lightbox-gallery-1\"><img decoding=\"async\" width=\"150\" height=\"150\" src=\"https:\/\/i0.wp.com\/orditux.org\/aol\/files\/2021\/09\/Dell_Optiplex_7450_AIO_L_side.jpg?resize=150%2C150&amp;ssl=1\" class=\"attachment-thumbnail size-thumbnail\" alt=\"\" \/><\/a>\n\t\t\t<\/dt><\/dl><dl class='gallery-item'>\n\t\t\t<dt class='gallery-icon portrait'>\n\t\t\t\t<a href='https:\/\/i0.wp.com\/orditux.org\/aol\/files\/2021\/09\/Dell_Optiplex_7450_AIO_R_side.jpg?fit=173%2C326&ssl=1' title=\"\" data-rl_title=\"\" class=\"rl-gallery-link\" data-rl_caption=\"\" data-rel=\"lightbox-gallery-1\"><img decoding=\"async\" width=\"150\" height=\"150\" src=\"https:\/\/i0.wp.com\/orditux.org\/aol\/files\/2021\/09\/Dell_Optiplex_7450_AIO_R_side.jpg?resize=150%2C150&amp;ssl=1\" class=\"attachment-thumbnail size-thumbnail\" alt=\"\" \/><\/a>\n\t\t\t<\/dt><\/dl><br style=\"clear: both\" \/>\n\t\t<\/div>\n\n<p style=\"text-align: justify;\">\n<p style=\"text-align: justify;\">Cet ordinateur est fourni au prix de <strong>665 euros<\/strong> TTC, il est <strong>garanti 1 an<\/strong> et offre les caract\u00e9ristiques et avantages suivants:<\/p>\n<ul style=\"text-align: justify;\">\n<li>Processeur Intel Core i5 7600<\/li>\n<li>M\u00e9moire syst\u00e8me 16 Go<\/li>\n<li>Stockage NVMe 256 Go<\/li>\n<li>Lecteur graveur DVDRW<\/li>\n<li>Moniteur LED 23,8&#8243; 1920&#215;1080 pixels<\/li>\n<\/ul>\n<p style=\"text-align: justify;\">Il est fourni avec un syst\u00e8me <strong>Windows 10 professionnel<\/strong> et il peut \u00eatre livr\u00e9 avec un syst\u00e8me <strong>GNU\/Linux<\/strong> en plus sur demande.<\/p>\n<p style=\"text-align: justify;\">Les \u00e9l\u00e9ments de la connectique de ce <strong>Dell OptiPlex 7450 AIO <\/strong>ce sont:<\/p>\n<ul style=\"text-align: justify;\">\n<li>4 entr\u00e9es USB 3.0<\/li>\n<li>3 entr\u00e9es USB 2.0<\/li>\n<li>1 connecteur HDMI 1.4<\/li>\n<li>1 connecteur DisplayPort 1.2<\/li>\n<li>1 connecteur Ethernet<\/li>\n<li>1 sortie Audio<\/li>\n<\/ul>\n<p style=\"text-align: justify;\">En cliquant dans la galerie d&#8217;images un peu plus haut, sur la photo du dessous de l&#8217;\u00e9cran vous pourrez voir que ce PC est aussi aliment\u00e9 par un cable \u00e9lectrique classique et non par un adaptateur externe.<\/p>\n<p style=\"text-align: justify;\">\u00c0 ce jour mon fournisseur a encore un peu de stock pour ce mod\u00e8le, mais pas pour longtemps, les meilleurs mod\u00e8les \u00e9tant vendus tr\u00e8s vite.<\/p>\n<h2 style=\"text-align: justify;\">Faites appel \u00e0 nous<\/h2>\n<p style=\"text-align: justify;\">Si vous avez besoin de ce type d&#8217;ordinateur ou d&#8217;autres types d&#8217;ordinateurs, par exemple <span style=\"text-decoration: underline;\"><strong>des fixes<\/strong><\/span> ou <span style=\"text-decoration: underline;\"><strong>des portables<\/strong><\/span> \u00e0 <span style=\"text-decoration: underline;\"><strong>l&#8217;unit\u00e9<\/strong><\/span> ou <span style=\"text-decoration: underline;\"><strong>en nombre<\/strong><\/span>, en grade A ou B (ou en grade C, le moins cher) faites-nous conna\u00eetre votre besoin et demandez-nous un devis personnalis\u00e9.<\/p>\n<p style=\"text-align: justify;\">Si vous \u00eates situ\u00e9 en France, nous pouvons vous faire livrer directement chez vous ou \u00e0 l&#8217;adresse de votre entreprise.<\/p>\n<p style=\"text-align: justify;\">Contact : <a href=\"mailto:contact@orditux.org\">par mail<\/a> ou par t\u00e9l\u00e9phone au <a href=\"tel:0534026681\">05 34 02 66 81<\/a> ou <a href=\"tel:0618566083\">06 18 56 60 83<\/a>.<\/p>\n","protected":false},"excerpt":{"rendered":"<p><span class=\"span-reading-time rt-reading-time\" style=\"display: block;\"><span class=\"rt-label rt-prefix\">Temps de lecture\u00a0: <\/span> <span class=\"rt-time\"> 4<\/span> <span class=\"rt-label rt-postfix\">minutes<\/span><\/span>\u00c0 l&#8217;atelier Orditux Informatique en Ari\u00e8ge vous pouvez acheter des PC fixes classiques ou Tout En Un, des portables ou des netbooks de qualit\u00e9 professionnelle, garantis et reconditionn\u00e9s en France. L&#8217;\u00e9tat des ordinateurs ainsi disponibles \u00e0 la vente est signal\u00e9 par une lettre : grade A ou A+ selon les fournisseurs, ou grade B ou [&hellip;]<\/p>\n","protected":false},"author":1,"featured_media":0,"comment_status":"open","ping_status":"open","sticky":false,"template":"","format":"standard","meta":{"_s2mail":"","footnotes":""},"categories":[146],"tags":[150,148,147,151,127,124,149],"class_list":["post-2073","post","type-post","status-publish","format-standard","hentry","category-vente-dordinateurs","tag-garanti","tag-occasion","tag-ordinateur","tag-ordinateurs-professionnels","tag-pc","tag-reconditionne","tag-remis-a-neuf"],"jetpack_featured_media_url":"","_links":{"self":[{"href":"https:\/\/orditux.org\/aol\/wp-json\/wp\/v2\/posts\/2073","targetHints":{"allow":["GET"]}}],"collection":[{"href":"https:\/\/orditux.org\/aol\/wp-json\/wp\/v2\/posts"}],"about":[{"href":"https:\/\/orditux.org\/aol\/wp-json\/wp\/v2\/types\/post"}],"author":[{"embeddable":true,"href":"https:\/\/orditux.org\/aol\/wp-json\/wp\/v2\/users\/1"}],"replies":[{"embeddable":true,"href":"https:\/\/orditux.org\/aol\/wp-json\/wp\/v2\/comments?post=2073"}],"version-history":[{"count":2,"href":"https:\/\/orditux.org\/aol\/wp-json\/wp\/v2\/posts\/2073\/revisions"}],"predecessor-version":[{"id":2885,"href":"https:\/\/orditux.org\/aol\/wp-json\/wp\/v2\/posts\/2073\/revisions\/2885"}],"wp:attachment":[{"href":"https:\/\/orditux.org\/aol\/wp-json\/wp\/v2\/media?parent=2073"}],"wp:term":[{"taxonomy":"category","embeddable":true,"href":"https:\/\/orditux.org\/aol\/wp-json\/wp\/v2\/categories?post=2073"},{"taxonomy":"post_tag","embeddable":true,"href":"https:\/\/orditux.org\/aol\/wp-json\/wp\/v2\/tags?post=2073"}],"curies":[{"name":"wp","href":"https:\/\/api.w.org\/{rel}","templated":true}]}}