{"id":2043,"date":"2021-05-04T07:20:00","date_gmt":"2021-05-04T05:20:00","guid":{"rendered":"https:\/\/orditux.org\/aol\/?p=2043"},"modified":"2026-02-03T22:56:31","modified_gmt":"2026-02-03T20:56:31","slug":"un-pc-portable-qui-revit","status":"publish","type":"post","link":"https:\/\/orditux.org\/aol\/2021\/05\/04\/un-pc-portable-qui-revit\/","title":{"rendered":"Un PC portable qui revit"},"content":{"rendered":"<span class=\"span-reading-time rt-reading-time\" style=\"display: block;\"><span class=\"rt-label rt-prefix\">Temps de lecture\u00a0: <\/span> <span class=\"rt-time\"> 3<\/span> <span class=\"rt-label rt-postfix\">minutes<\/span><\/span><p style=\"text-align: justify;\">Que faire pour un ordinateur portable qui a perdu des touches sans qu&#8217;on puisse les y fixer \u00e0 nouveau ? On peut faire deux choses : jeter l&#8217;ordinateur et en acheter un autre. Ou bien on peut faire remplacer le clavier.<\/p>\n<p style=\"text-align: justify;\">Est-ce facile ? Pas toujours. Est-ce faisable ? Presque \u00e0 chaque fois.<\/p>\n<p style=\"text-align: justify;\">Faites appel \u00e0 notre atelier Orditux Informatique en Ari\u00e8ge \u00e0 Pamiers (09100). <a href=\"https:\/\/orditux.org\/contact\" target=\"_blank\" rel=\"noopener\">Nous vous proposerons un devis<\/a>.<\/p>\n<p style=\"text-align: justify;\">Voici quelques photos d&#8217;un PC portable r\u00e9cemment remis en \u00e9tat.<\/p>\n<div id=\"attachment_2044\" class=\"wp-caption alignleft\" style=\"width: 300px\"><img data-recalc-dims=\"1\" decoding=\"async\" class=\"size-medium wp-image-2044\" src=\"https:\/\/i0.wp.com\/orditux.org\/aol\/files\/2021\/05\/IMG_20210429_190756506.jpg?resize=300%2C146&#038;ssl=1\" alt=\"Ancien clavier endommag\u00e9\" width=\"300\" height=\"146\" srcset=\"https:\/\/i0.wp.com\/orditux.org\/aol\/files\/2021\/05\/IMG_20210429_190756506.jpg?resize=300%2C146&amp;ssl=1 300w, https:\/\/i0.wp.com\/orditux.org\/aol\/files\/2021\/05\/IMG_20210429_190756506.jpg?resize=768%2C373&amp;ssl=1 768w, https:\/\/i0.wp.com\/orditux.org\/aol\/files\/2021\/05\/IMG_20210429_190756506.jpg?resize=24%2C12&amp;ssl=1 24w, https:\/\/i0.wp.com\/orditux.org\/aol\/files\/2021\/05\/IMG_20210429_190756506.jpg?resize=36%2C18&amp;ssl=1 36w, https:\/\/i0.wp.com\/orditux.org\/aol\/files\/2021\/05\/IMG_20210429_190756506.jpg?resize=48%2C23&amp;ssl=1 48w, https:\/\/i0.wp.com\/orditux.org\/aol\/files\/2021\/05\/IMG_20210429_190756506.jpg?w=800&amp;ssl=1 800w\" sizes=\"(max-width: 300px) 100vw, 300px\" \/><p class=\"wp-caption-text\">Ancien clavier endommag\u00e9<\/p><\/div>\n<div id=\"attachment_2045\" class=\"wp-caption alignright\" style=\"width: 300px\"><img data-recalc-dims=\"1\" decoding=\"async\" class=\"wp-image-2045 size-medium\" title=\"Nouveau clavier apr\u00e8s mise en place\" src=\"https:\/\/i0.wp.com\/orditux.org\/aol\/files\/2021\/05\/IMG_20210429_190805341.jpg?resize=300%2C153&#038;ssl=1\" alt=\"Nouveau clavier apr\u00e8s mise en place\" width=\"300\" height=\"153\" srcset=\"https:\/\/i0.wp.com\/orditux.org\/aol\/files\/2021\/05\/IMG_20210429_190805341.jpg?resize=300%2C153&amp;ssl=1 300w, https:\/\/i0.wp.com\/orditux.org\/aol\/files\/2021\/05\/IMG_20210429_190805341.jpg?resize=768%2C391&amp;ssl=1 768w, https:\/\/i0.wp.com\/orditux.org\/aol\/files\/2021\/05\/IMG_20210429_190805341.jpg?resize=24%2C12&amp;ssl=1 24w, https:\/\/i0.wp.com\/orditux.org\/aol\/files\/2021\/05\/IMG_20210429_190805341.jpg?resize=36%2C18&amp;ssl=1 36w, https:\/\/i0.wp.com\/orditux.org\/aol\/files\/2021\/05\/IMG_20210429_190805341.jpg?resize=48%2C24&amp;ssl=1 48w, https:\/\/i0.wp.com\/orditux.org\/aol\/files\/2021\/05\/IMG_20210429_190805341.jpg?w=800&amp;ssl=1 800w\" sizes=\"(max-width: 300px) 100vw, 300px\" \/><p class=\"wp-caption-text\">Nouveau clavier apr\u00e8s mise en place<\/p><\/div>\n<p style=\"text-align: justify;\">L&#8217;op\u00e9ration de d\u00e9monter et remonter ayant un co\u00fbt, les clients se sont vu proposer d&#8217;effectuer <strong>un d\u00e9montage complet<\/strong> lors du service de changement de clavier <strong>pour d\u00e9poussi\u00e9rer l&#8217;int\u00e9rieur<\/strong> de l&#8217;ordinateur, afin de le faire durer. La <a href=\"https:\/\/fr.wikipedia.org\/wiki\/P%C3%A2te_thermique\" target=\"_blank\" rel=\"noopener\">p\u00e2te thermique<\/a> a bien s\u00fbr \u00e9t\u00e9 \u00e9galement chang\u00e9e.<\/p>\n<p style=\"text-align: justify;\">Pourquoi cela ? Imaginez que nous ne v\u00e9rifiez jamais le niveau de liquide de refroidissement de votre voiture, et que vous ne compl\u00e9tiez pas les niveaux. \ud83d\ude97 Le moteur pourrait bien l\u00e2cher. Dans le cas d&#8217;un ordinateur, \ud83d\udcbb la poussi\u00e8re bloquant l&#8217;\u00e9vacuation de l&#8217;air chaud peut endommager la carte m\u00e8re, pi\u00e8ce principale de l&#8217;ordinateur \ud83d\udd25 et tout simplement la griller.<\/p>\n<p style=\"text-align: justify;\">Cela est d\u00fb au fait que la chaleur produite par le processeur &#8211; comparez avec le moteur d&#8217;une voiture &#8211; n&#8217;est plus \u00e9vacu\u00e9e et reste pi\u00e9g\u00e9e dans le boitier de l&#8217;ordinateur.<\/p>\n<p style=\"text-align: justify;\">Le prix moyen d&#8217;un PC portable de bonne qualit\u00e9 est de 600 \u00e0 800 euros. \ud83d\udcb6 Le prix moyen d&#8217;un d\u00e9montage et nettoyage complet pour des ordinateurs portables d\u00e9di\u00e9s \u00e0 l&#8217;usage courant repr\u00e9sente 60 \u00e0 100 euros selon les prestataires, et selon les mod\u00e8les d&#8217;ordinateurs portables.<\/p>\n<p style=\"text-align: justify;\">Si vous ne faites pas faire l&#8217;entretien de votre v\u00e9hicule, combien vous co\u00fbtera l&#8217;achat d&#8217;une voiture neuve ? \ud83d\ude98 La question pour un ordinateur se pose de la m\u00eame mani\u00e8re.<\/p>\n<p style=\"text-align: justify;\">En faisant remettre \u00e0 neuf votre mat\u00e9riel informatique vous pouvez \u00e9conomiser beaucoup d&#8217;argent, et en plus vous \u00e9conomisez des \u00e9quivalents carbone, ce qui fait de vous un consommateur responsable ! Vous trouverez sur cette page quelques indices \u00e0 ce sujet : <a href=\"https:\/\/orditux.org\/statistiques-reemploi\" target=\"_blank\" rel=\"noopener\">https:\/\/orditux.org\/statistiques-reemploi<\/a>.<\/p>\n<div id=\"attachment_2046\" class=\"wp-caption alignleft\" style=\"width: 300px\"><img data-recalc-dims=\"1\" decoding=\"async\" class=\"wp-image-2046 size-medium\" title=\"Poussi\u00e8re et p\u00e2te thermique\" src=\"https:\/\/i0.wp.com\/orditux.org\/aol\/files\/2021\/05\/IMG_20210429_173612583.jpg?resize=300%2C225&#038;ssl=1\" alt=\"Poussi\u00e8re et p\u00e2te thermique\" width=\"300\" height=\"225\" srcset=\"https:\/\/i0.wp.com\/orditux.org\/aol\/files\/2021\/05\/IMG_20210429_173612583.jpg?resize=300%2C225&amp;ssl=1 300w, https:\/\/i0.wp.com\/orditux.org\/aol\/files\/2021\/05\/IMG_20210429_173612583.jpg?resize=768%2C575&amp;ssl=1 768w, https:\/\/i0.wp.com\/orditux.org\/aol\/files\/2021\/05\/IMG_20210429_173612583.jpg?resize=24%2C18&amp;ssl=1 24w, https:\/\/i0.wp.com\/orditux.org\/aol\/files\/2021\/05\/IMG_20210429_173612583.jpg?resize=36%2C27&amp;ssl=1 36w, https:\/\/i0.wp.com\/orditux.org\/aol\/files\/2021\/05\/IMG_20210429_173612583.jpg?resize=48%2C36&amp;ssl=1 48w, https:\/\/i0.wp.com\/orditux.org\/aol\/files\/2021\/05\/IMG_20210429_173612583.jpg?w=800&amp;ssl=1 800w\" sizes=\"(max-width: 300px) 100vw, 300px\" \/><p class=\"wp-caption-text\">Poussi\u00e8re et p\u00e2te thermique<\/p><\/div>\n<div id=\"attachment_2066\" class=\"wp-caption alignright\" style=\"width: 281px\"><img data-recalc-dims=\"1\" decoding=\"async\" class=\"wp-image-2066\" title=\"Poussi\u00e8re sur la grille d'\u00e9vacuation d'air\" src=\"https:\/\/i0.wp.com\/orditux.org\/aol\/files\/2021\/05\/IMG_20210429_173623672-1.jpg?resize=281%2C225&#038;ssl=1\" alt=\"Poussi\u00e8re sur la grille d'\u00e9vacuation d'air\" width=\"281\" height=\"225\" srcset=\"https:\/\/i0.wp.com\/orditux.org\/aol\/files\/2021\/05\/IMG_20210429_173623672-1.jpg?resize=300%2C240&amp;ssl=1 300w, https:\/\/i0.wp.com\/orditux.org\/aol\/files\/2021\/05\/IMG_20210429_173623672-1.jpg?resize=24%2C19&amp;ssl=1 24w, https:\/\/i0.wp.com\/orditux.org\/aol\/files\/2021\/05\/IMG_20210429_173623672-1.jpg?resize=36%2C29&amp;ssl=1 36w, https:\/\/i0.wp.com\/orditux.org\/aol\/files\/2021\/05\/IMG_20210429_173623672-1.jpg?resize=48%2C38&amp;ssl=1 48w, https:\/\/i0.wp.com\/orditux.org\/aol\/files\/2021\/05\/IMG_20210429_173623672-1.jpg?w=749&amp;ssl=1 749w\" sizes=\"(max-width: 281px) 100vw, 281px\" \/><p class=\"wp-caption-text\">Poussi\u00e8re sur la grille d&#8217;\u00e9vacuation d&#8217;air<\/p><\/div>\n<p style=\"text-align: justify;\">Dans les deux photos ci-dessus, vous pouvez voir ce qu&#8217;on trouve dans un ordinateur qui n&#8217;a pas \u00e9t\u00e9 d\u00e9mont\u00e9 depuis plus de deux ans apr\u00e8s l&#8217;achat. Et parfois tout le ventilateur est bouch\u00e9, toute la grille de canalisation d&#8217;air chaud obstru\u00e9e par plusieurs millim\u00e8tres de poussi\u00e8re tass\u00e9e, et l&#8217;utilisateur ne peut que constater que son ordinateur red\u00e9marre aussit\u00f4t lanc\u00e9, ou pire, semble \u00eatre allum\u00e9 sans toutefois d\u00e9marrer du tout.<br \/>\nN&#8217;attendez pas pour consulter un professionnel, au premier signe de faiblesse <a href=\"https:\/\/orditux.org\/contact\">contactez-nous<\/a>.<\/p>\n","protected":false},"excerpt":{"rendered":"<p><span class=\"span-reading-time rt-reading-time\" style=\"display: block;\"><span class=\"rt-label rt-prefix\">Temps de lecture\u00a0: <\/span> <span class=\"rt-time\"> 3<\/span> <span class=\"rt-label rt-postfix\">minutes<\/span><\/span>Que faire pour un ordinateur portable qui a perdu des touches sans qu&#8217;on puisse les y fixer \u00e0 nouveau ? On peut faire deux choses : jeter l&#8217;ordinateur et en acheter un autre. Ou bien on peut faire remplacer le clavier. Est-ce facile ? Pas toujours. Est-ce faisable ? Presque \u00e0 chaque fois. Faites appel [&hellip;]<\/p>\n","protected":false},"author":1,"featured_media":0,"comment_status":"open","ping_status":"open","sticky":false,"template":"","format":"standard","meta":{"_s2mail":"","footnotes":""},"categories":[142],"tags":[143,145,144],"class_list":["post-2043","post","type-post","status-publish","format-standard","hentry","category-reparation-informatique","tag-reemploi_informatique","tag-remplacement-de-pieces-informatique","tag-reparation_informatique"],"jetpack_featured_media_url":"","_links":{"self":[{"href":"https:\/\/orditux.org\/aol\/wp-json\/wp\/v2\/posts\/2043","targetHints":{"allow":["GET"]}}],"collection":[{"href":"https:\/\/orditux.org\/aol\/wp-json\/wp\/v2\/posts"}],"about":[{"href":"https:\/\/orditux.org\/aol\/wp-json\/wp\/v2\/types\/post"}],"author":[{"embeddable":true,"href":"https:\/\/orditux.org\/aol\/wp-json\/wp\/v2\/users\/1"}],"replies":[{"embeddable":true,"href":"https:\/\/orditux.org\/aol\/wp-json\/wp\/v2\/comments?post=2043"}],"version-history":[{"count":2,"href":"https:\/\/orditux.org\/aol\/wp-json\/wp\/v2\/posts\/2043\/revisions"}],"predecessor-version":[{"id":2616,"href":"https:\/\/orditux.org\/aol\/wp-json\/wp\/v2\/posts\/2043\/revisions\/2616"}],"wp:attachment":[{"href":"https:\/\/orditux.org\/aol\/wp-json\/wp\/v2\/media?parent=2043"}],"wp:term":[{"taxonomy":"category","embeddable":true,"href":"https:\/\/orditux.org\/aol\/wp-json\/wp\/v2\/categories?post=2043"},{"taxonomy":"post_tag","embeddable":true,"href":"https:\/\/orditux.org\/aol\/wp-json\/wp\/v2\/tags?post=2043"}],"curies":[{"name":"wp","href":"https:\/\/api.w.org\/{rel}","templated":true}]}}