{"id":1900,"date":"2021-03-21T07:43:42","date_gmt":"2021-03-21T05:43:42","guid":{"rendered":"https:\/\/orditux.org\/aol\/?p=1900"},"modified":"2026-02-03T22:55:23","modified_gmt":"2026-02-03T20:55:23","slug":"ordinateurs-neufs-durables-et-solides-sous-linux","status":"publish","type":"post","link":"https:\/\/orditux.org\/aol\/2021\/03\/21\/ordinateurs-neufs-durables-et-solides-sous-linux\/","title":{"rendered":"Ordinateurs neufs durables et solides sous Linux"},"content":{"rendered":"<span class=\"span-reading-time rt-reading-time\" style=\"display: block;\"><span class=\"rt-label rt-prefix\">Temps de lecture\u00a0: <\/span> <span class=\"rt-time\"> 3<\/span> <span class=\"rt-label rt-postfix\">minutes<\/span><\/span><h2 style=\"text-align: justify;\">Pour des ordinateurs neufs \u00e9thiques et durables<\/h2>\n<p style=\"text-align: justify;\">Particuliers ou professionnels au moment d&#8217;acheter quel dilemne ! Vous errez d&#8217;un magasin \u00e0 l&#8217;autre, arpentez le web, vous demandez conseil \u00e0 vos amis, \u00e0 vos coll\u00e8gues, et vous vous demandez comment choisir sans se tromper dans ce foisonnement d&#8217;appareils ? \ud83d\ude44<\/p>\n<p style=\"text-align: justify;\">Il n&#8217;y a pas si longtemps l&#8217;\u00e9volution de l&#8217;informatique \u00e9tait tellement rapide qu&#8217;un ordinateur achet\u00e9 le jour J \u00e9tait d\u00e9j\u00e0 consid\u00e9r\u00e9 obsol\u00e8te 6 mois plus tard, voire m\u00eame au moment de l&#8217;achat ! \ud83d\udda5\ufe0f Quand vous faites partie des consommateurs qui pr\u00e9f\u00e8rent acheter du mat\u00e9riel durable, c&#8217;est difficile \u00e0 admettre.<\/p>\n<p style=\"text-align: justify;\">Et si vous \u00eates <strong>un utilisateur de logiciels libres<\/strong> ou \u00eates d\u00e9cid\u00e9 \u00e0 <strong>changer de syst\u00e8me <\/strong>et que vous avez d\u00e9cid\u00e9 une fois pour toutes que vous voulez un ordinateur neuf, cet article est pour vous ! \ud83d\udc27<\/p>\n<p style=\"text-align: justify;\">Le plus important, c&#8217;est<span style=\"text-decoration: underline;\"><strong> le conseil<\/strong><\/span>. En fonction de vos usages, vos habitudes, de vos souhaits, <span style=\"text-decoration: underline;\"><strong>le conseil<\/strong><\/span> que vous recevez est totalement personnalis\u00e9. \ud83d\udc96<\/p>\n<p style=\"text-align: justify;\">Cette semaine j&#8217;ai command\u00e9 <strong>un PC portable neuf sous Ubuntu Linux<\/strong>.\u00a0Comme tout ordinateur neuf, il est <strong>garanti 2 ans<\/strong>.\u00a0Mon fournisseur assure la disponibilit\u00e9 des pi\u00e8ces compatibles <strong>durant 10 ans ! \ud83e\udd29<\/strong><\/p>\n<div id=\"attachment_2611\" class=\"wp-caption aligncenter\" style=\"width: 722px\"><img data-recalc-dims=\"1\" decoding=\"async\" class=\"wp-image-2611 size-full\" title=\"PC portable Why! Neuf sous Ubuntu \" src=\"https:\/\/i0.wp.com\/orditux.org\/aol\/files\/2021\/03\/portable-15.6pouces-ecran-mat-i7-8-a-32Go-RAM.webp?resize=646%2C441&#038;ssl=1\" alt=\"PC portable neuf sous Ubuntu\" width=\"646\" height=\"441\" srcset=\"https:\/\/i0.wp.com\/orditux.org\/aol\/files\/2021\/03\/portable-15.6pouces-ecran-mat-i7-8-a-32Go-RAM.webp?w=722&amp;ssl=1 722w, https:\/\/i0.wp.com\/orditux.org\/aol\/files\/2021\/03\/portable-15.6pouces-ecran-mat-i7-8-a-32Go-RAM.webp?resize=300%2C205&amp;ssl=1 300w\" sizes=\"(max-width: 646px) 100vw, 646px\" \/><p class=\"wp-caption-text\">PC portable neuf sous Ubuntu<\/p><\/div>\n<h2 style=\"text-align: justify;\">Les caract\u00e9ristiques de cet ordinateur portable<\/h2>\n<ul style=\"text-align: justify;\">\n<li>il a un <strong>\u00e9cran de 15,6 pouces<\/strong>, qualit\u00e9 <strong>Full HD<\/strong>, avec une r\u00e9solution de <strong>1920&#215;1080<\/strong>;<\/li>\n<li>En m\u00e9moire syst\u00e8me, il est \u00e9quip\u00e9 par d\u00e9faut de <strong>8 Go de RAM DDR4 extensible \u00e0 32Go<\/strong>;<\/li>\n<li>En stockage, c&#8217;est un <strong>SSD M2 nvme<\/strong>, qui ajoute encore \u00e0 la rapidit\u00e9 du syst\u00e8me;<\/li>\n<li>Un second stockage est possible avec un emplacement <strong>pour un HDD ou un SSD Sata<\/strong>;<\/li>\n<li>Le processeur est un<strong> i7 (mod\u00e8le 7700T)<\/strong>.<\/li>\n<\/ul>\n<p style=\"text-align: justify;\">En outre il vient avec <strong>un clavier r\u00e9tro \u00e9clair\u00e9<\/strong> pour un confort accru quand la luminosit\u00e9 baisse en fin de journ\u00e9e.<\/p>\n<p style=\"text-align: justify;\">Ce PC devrait durer <span style=\"text-decoration: underline;\"><strong>au moins 10 ans<\/strong><\/span> chez son nouveau propri\u00e9taire. Les composants utilis\u00e9s pour le construire sont soigneusement s\u00e9lectionn\u00e9s et les distributions GNU\/Linux seront toujours de la partie pour en assurer le fonctionnement.<\/p>\n<h2 style=\"text-align: justify;\">Quels autres mod\u00e8les sont disponibles<\/h2>\n<p style=\"text-align: justify;\">Il est possible de commander le m\u00eame ordinateur que celui pr\u00e9sent\u00e9 dans cet article, avec un processeur Intel i3. Il y a des mod\u00e8les de PC portables avec \u00e9crans 14&#8243;, et des ordinateurs fixes de dimensions raisonnables au niveau de l&#8217;encombrement.<\/p>\n<p style=\"text-align: justify;\">D&#8217;autres options sont aussi disponibles, par exemple deux syst\u00e8mes install\u00e9s dont <strong>Ubuntu Linux<\/strong> et <strong>Windows<\/strong> <strong>10<\/strong> en double d\u00e9marrage, plus de m\u00e9moire vive, un second disque de stockage et ainsi de suite, toutes ces options pouvant s&#8217;ajouter aux mod\u00e8les de base.<\/p>\n<p style=\"text-align: justify;\">Tout nouvel utilisateur d&#8217;un syst\u00e8me Linux qui s&#8217;adresse \u00e0 Orditux Informatique pour l&#8217;achat d&#8217;un ordinateur se voit offrir une formation de une heure pour une bonne prise en mains de son syst\u00e8me.<\/p>\n<p style=\"text-align: justify;\"><a href=\"https:\/\/orditux.org\/contact\">Contactez-nous pour un devis<\/a>.<\/p>\n","protected":false},"excerpt":{"rendered":"<p><span class=\"span-reading-time rt-reading-time\" style=\"display: block;\"><span class=\"rt-label rt-prefix\">Temps de lecture\u00a0: <\/span> <span class=\"rt-time\"> 3<\/span> <span class=\"rt-label rt-postfix\">minutes<\/span><\/span>Pour des ordinateurs neufs \u00e9thiques et durables Particuliers ou professionnels au moment d&#8217;acheter quel dilemne ! Vous errez d&#8217;un magasin \u00e0 l&#8217;autre, arpentez le web, vous demandez conseil \u00e0 vos amis, \u00e0 vos coll\u00e8gues, et vous vous demandez comment choisir sans se tromper dans ce foisonnement d&#8217;appareils ? \ud83d\ude44 Il n&#8217;y a pas si longtemps [&hellip;]<\/p>\n","protected":false},"author":1,"featured_media":0,"comment_status":"open","ping_status":"open","sticky":false,"template":"","format":"standard","meta":{"_s2mail":"","footnotes":""},"categories":[146],"tags":[],"class_list":["post-1900","post","type-post","status-publish","format-standard","hentry","category-vente-dordinateurs"],"jetpack_featured_media_url":"","_links":{"self":[{"href":"https:\/\/orditux.org\/aol\/wp-json\/wp\/v2\/posts\/1900","targetHints":{"allow":["GET"]}}],"collection":[{"href":"https:\/\/orditux.org\/aol\/wp-json\/wp\/v2\/posts"}],"about":[{"href":"https:\/\/orditux.org\/aol\/wp-json\/wp\/v2\/types\/post"}],"author":[{"embeddable":true,"href":"https:\/\/orditux.org\/aol\/wp-json\/wp\/v2\/users\/1"}],"replies":[{"embeddable":true,"href":"https:\/\/orditux.org\/aol\/wp-json\/wp\/v2\/comments?post=1900"}],"version-history":[{"count":5,"href":"https:\/\/orditux.org\/aol\/wp-json\/wp\/v2\/posts\/1900\/revisions"}],"predecessor-version":[{"id":2883,"href":"https:\/\/orditux.org\/aol\/wp-json\/wp\/v2\/posts\/1900\/revisions\/2883"}],"wp:attachment":[{"href":"https:\/\/orditux.org\/aol\/wp-json\/wp\/v2\/media?parent=1900"}],"wp:term":[{"taxonomy":"category","embeddable":true,"href":"https:\/\/orditux.org\/aol\/wp-json\/wp\/v2\/categories?post=1900"},{"taxonomy":"post_tag","embeddable":true,"href":"https:\/\/orditux.org\/aol\/wp-json\/wp\/v2\/tags?post=1900"}],"curies":[{"name":"wp","href":"https:\/\/api.w.org\/{rel}","templated":true}]}}