{"id":1877,"date":"2020-10-11T16:22:31","date_gmt":"2020-10-11T14:22:31","guid":{"rendered":"https:\/\/orditux.org\/aol\/?p=1877"},"modified":"2026-02-06T05:52:52","modified_gmt":"2026-02-06T03:52:52","slug":"larbre-des-possibles","status":"publish","type":"post","link":"https:\/\/orditux.org\/aol\/2020\/10\/11\/larbre-des-possibles\/","title":{"rendered":"L&#8217;Arbre des Possibles"},"content":{"rendered":"<span class=\"span-reading-time rt-reading-time\" style=\"display: block;\"><span class=\"rt-label rt-prefix\">Temps de lecture\u00a0: <\/span> <span class=\"rt-time\"> 3<\/span> <span class=\"rt-label rt-postfix\">minutes<\/span><\/span><h2 style=\"text-align: justify;\">Dessine moi un arbre ? \ud83c\udf33<\/h2>\n<p style=\"text-align: justify;\">Tout comme le Petit Prince demandait \u00e0 Antoine, tomb\u00e9 en panne d\u2019avion dans le d\u00e9sert, de lui dessiner un mouton. \ud83d\udc11<\/p>\n<p style=\"text-align: justify;\">Dans ce r\u00e9cit, l\u2019arbre prend une dimension importante, \u00e9cosyst\u00e9mique. Les \u00e9l\u00e9ments de ce r\u00e9cit s\u2019entrem\u00ealent pour former une vision optimiste et positive.<\/p>\n<h3 style=\"text-align: justify;\">De quoi s\u2019agit-il\u00a0?<\/h3>\n<p style=\"text-align: justify;\">Les contes de Grimm, Andersen, Perrault, les Mille et une Nuits, le Roman de Renard, \ud83d\udcdc et encore nombre de contes et l\u00e9gendes des Civilisations M\u00e9diterran\u00e9ennes ont fait partie de mes lectures avant l\u2019\u00e2ge adulte. \u2697\ufe0f<\/p>\n<p style=\"text-align: justify;\">Puis, je suis pass\u00e9e au fantastique, \u00e0 la science fiction et \u00e0 l\u2019anticipation. J\u2019ai d\u00e9vor\u00e9 des livres de SF et d\u2019anticipation classiques, \ud83d\udcd6 comme Farenheit 451 de Bradbury, 1984 de Georges Orwell, Demain les chiens de Clifford D. Simak, \ud83d\udcda le Meilleurs des Mondes de Aldous Huxley ou encore La Plan\u00e8te des Singes \ud83d\udc12 de Pierre Boulle, HG Wells La Guerre des Mondes, les Chroniques Martiennes, \ud83d\udc7d de Ray Bradbury, et aussi Dune, de Franck Herbert\u2026<\/p>\n<p style=\"text-align: justify;\">J\u2019ai aussi explor\u00e9 les ouvrages de SF tagg\u00e9s \u00ab S\u00e9rie B \u00bb, ou en bande dessin\u00e9e, dont \u00ab Le Transperceneige \u00bb qui est maintenant l\u2019objet d\u2019un film et d\u2019une s\u00e9rie post apocalyptique (\u00ab\u00a0Snowpiercer\u00a0\u00bb). \ud83d\ude86<\/p>\n<p style=\"text-align: justify;\">Je trouve dans ces ouvrages comme des pr\u00e9dictions trop frappantes pour ne pas remarquer certaines co-incidences avec l\u2019\u00e9volution de notre monde.<\/p>\n<p style=\"text-align: justify;\">Par exemple, \u201c<span style=\"color: #ff6600;\"><em><strong>les incroyables pr\u00e9dictions d&#8217;Isaac Asimov<\/strong><\/em><\/span>\u201d qui font partie des pr\u00e9dicteurs de notre temps nous saisissent d\u2019\u00e9tonnement, par la justesse de leurs visions ! (Voir les liens \u00e0 la fin)<\/p>\n<p style=\"text-align: justify;\">J\u2019ai toujours \u00e9t\u00e9 fascin\u00e9e par \u00ab\u00a0<em>les possibles<\/em>\u00a0\u00bb. Ce qui nous ram\u00e8ne \u00e0 <span style=\"color: #008000;\"><strong>l\u2019Arbre des Possibles<\/strong><\/span>.<\/p>\n<p style=\"text-align: justify;\">L\u2019Arbre des Possibles est un projet lanc\u00e9 il y a plusieurs ann\u00e9es sur le web par Bernard WERBER, auteur de science-fiction<\/p>\n<div id=\"attachment_1880\" class=\"wp-caption aligncenter\" style=\"width: 800px\"><img data-recalc-dims=\"1\" decoding=\"async\" class=\"wp-image-1880 size-full\" title=\"L'Arbre des Possibles\" src=\"https:\/\/i0.wp.com\/orditux.org\/aol\/files\/2020\/10\/arbredespossibles.png?resize=646%2C404&#038;ssl=1\" alt=\"L'Arbre des Possibles\" width=\"646\" height=\"404\" srcset=\"https:\/\/i0.wp.com\/orditux.org\/aol\/files\/2020\/10\/arbredespossibles.png?w=800&amp;ssl=1 800w, https:\/\/i0.wp.com\/orditux.org\/aol\/files\/2020\/10\/arbredespossibles.png?resize=300%2C188&amp;ssl=1 300w, https:\/\/i0.wp.com\/orditux.org\/aol\/files\/2020\/10\/arbredespossibles.png?resize=768%2C480&amp;ssl=1 768w, https:\/\/i0.wp.com\/orditux.org\/aol\/files\/2020\/10\/arbredespossibles.png?resize=24%2C15&amp;ssl=1 24w, https:\/\/i0.wp.com\/orditux.org\/aol\/files\/2020\/10\/arbredespossibles.png?resize=36%2C23&amp;ssl=1 36w, https:\/\/i0.wp.com\/orditux.org\/aol\/files\/2020\/10\/arbredespossibles.png?resize=48%2C30&amp;ssl=1 48w\" sizes=\"(max-width: 646px) 100vw, 646px\" \/><p class=\"wp-caption-text\">L\u2019 Arbre des Possibles de Bernard Werber tout le monde peut ajouter son id\u00e9e d\u2019un futur possible<\/p><\/div>\n<h3 style=\"text-align: justify;\">Ma branche dans l&#8217;arbre des possibles<\/h3>\n<p style=\"text-align: justify;\">J\u2019imagine un futur o\u00f9 tout sera construit sur des mod\u00e8les et paradigmes aussi enviables que possible parmi ceux exp\u00e9riment\u00e9s par des hommes, femmes et familles enti\u00e8res durant les derni\u00e8res d\u00e9cennies. \ud83d\ude0a<\/p>\n<p style=\"text-align: justify;\">Le futur que j\u2019imagine : les ordinateurs sont devenus r\u00e9sistants aux attaques \ud83d\udc79 et aux malware, virus, trojan\u2026<\/p>\n<p style=\"text-align: justify;\">Les utilisateurs ont majoritairement un bon niveau dans l\u2019usage de leurs terminaux informatiques.<\/p>\n<p style=\"text-align: justify;\">La plupart des cybercriminels devant la difficult\u00e9 croissante \u00e0 gagner de quoi vivre de leur art ill\u00e9gal se sont reconvertis et font maintenant partie des cr\u00e9ateurs fournissant des programmes informatiques sous licences libres tr\u00e8s bien r\u00e9mun\u00e9r\u00e9s. <img data-recalc-dims=\"1\" decoding=\"async\" class=\"alignnone wp-image-1882 size-full\" src=\"https:\/\/i0.wp.com\/orditux.org\/aol\/files\/2020\/10\/gnu-35.png?resize=35%2C36&#038;ssl=1\" alt=\"Icon GNU\" width=\"35\" height=\"36\" srcset=\"https:\/\/i0.wp.com\/orditux.org\/aol\/files\/2020\/10\/gnu-35.png?w=35&amp;ssl=1 35w, https:\/\/i0.wp.com\/orditux.org\/aol\/files\/2020\/10\/gnu-35.png?resize=24%2C24&amp;ssl=1 24w\" sizes=\"(max-width: 35px) 100vw, 35px\" \/><\/p>\n<p style=\"text-align: justify;\">Gr\u00e2ce aux algorithmes d\u00e9velopp\u00e9s par certains groupes, on peut d\u00e9sormais b\u00e9n\u00e9ficier de pr\u00e9visions m\u00e9t\u00e9o \ud83c\udf26\ufe0f sur plusieurs mois avec une tr\u00e8s grande pr\u00e9cision.<\/p>\n<p style=\"text-align: justify;\">Gr\u00e2ce \u00e0 la fiabilit\u00e9 des syst\u00e8mes informatiques et la diminution de leur renouvellement, l\u2019impact sur l\u2019environnement\u00a0 \ud83c\udfde\ufe0f a chut\u00e9 de mani\u00e8re importante, et les temps de maintenance n\u00e9cessaires avant tr\u00e8s chronophages ont fortement diminu\u00e9. Le temps ainsi gagn\u00e9 a \u00e9t\u00e9 report\u00e9 sur d\u2019autres am\u00e9liorations, comme celles appliqu\u00e9es aux bases de donn\u00e9es qui ont pu ainsi b\u00e9n\u00e9ficier de millions de lignes de code d\u00e9velopp\u00e9es au fil des ann\u00e9es.<\/p>\n<p style=\"text-align: justify;\">Et gr\u00e2ce aux informations ainsi exploit\u00e9es on peut maintenant reproduire sur une \u00e9chelle mondiale tous les projets pilotes qui ont fait leurs preuves durant ces 30 derni\u00e8res ann\u00e9es ou plus, dans la restauration des conditions climatiques \ud83c\udf26\ufe0f pr\u00e9-industrielles.\u207d<span style=\"color: #ff0000;\"><strong>*<\/strong><\/span>\u207e \ud83c\udf33\ud83c\udf33\ud83c\udf33\ud83c\udf33<\/p>\n<p style=\"text-align: justify;\">Et si demain, tous les PC fonctionnaient gr\u00e2ce \u00e0 des syst\u00e8mes informatiques sous licences libres ? \ud83d\udda5\ufe0f \ud83d\udc27<\/p>\n<ul>\n<li style=\"text-align: justify;\">Distributions GNU\/Linux list\u00e9es et pr\u00e9sent\u00e9es : <a href=\"https:\/\/distrowatch.com\/\">https:\/\/distrowatch.com<\/a><\/li>\n<li style=\"text-align: justify;\">L&#8217;arbre des possibles : <a href=\"http:\/\/www.arbredespossibles.com\/\">http:\/\/www.arbredespossibles.com<\/a><\/li>\n<li style=\"text-align: justify;\">\u201cles incroyables pr\u00e9dictions d&#8217;Isaac Asimov\u201d : <a href=\"https:\/\/usbeketrica.com\/fr\/article\/environnement-espace-travail-les-predictions-d-isaac-asimov-pour-2019\">https:\/\/usbeketrica.com\/fr\/article\/environnement-espace-travail-les-predictions-d-isaac-asimov-pour-2019<\/a><\/li>\n<li style=\"text-align: justify;\">\u00ab Doit-on choisir entre contr\u00f4le s\u00e9curit\u00e9 ? Ou libert\u00e9 et danger ? \u00bb : <a href=\"https:\/\/www.youtube.com\/watch?v=tN8uaDh_laY\">https:\/\/www.youtube.com\/watch?v=tN8uaDh_laY<\/a><\/li>\n<li style=\"text-align: justify;\">M\u00eame question pos\u00e9e en 2015 par John Oliver dans sa chronique \u00ab Governement Surveillance \u00bb : <a href=\"https:\/\/youtu.be\/XEVlyP4_11M?t=551\">https:\/\/youtu.be\/XEVlyP4_11M?t=551<\/a><\/li>\n<li style=\"text-align: justify;\">Restaurer des conditions climatiques favorables : <strong>\u207d<span style=\"color: #ff0000;\">*<\/span>\u207e<\/strong> <a href=\"https:\/\/www.ted.com\/talks\/willie_smits_how_to_restore_a_rainforest\">https:\/\/www.ted.com\/talks\/willie_smits_how_to_restore_a_rainforest<\/a><\/li>\n<\/ul>\n","protected":false},"excerpt":{"rendered":"<p><span class=\"span-reading-time rt-reading-time\" style=\"display: block;\"><span class=\"rt-label rt-prefix\">Temps de lecture\u00a0: <\/span> <span class=\"rt-time\"> 3<\/span> <span class=\"rt-label rt-postfix\">minutes<\/span><\/span>Dessine moi un arbre ? \ud83c\udf33 Tout comme le Petit Prince demandait \u00e0 Antoine, tomb\u00e9 en panne d\u2019avion dans le d\u00e9sert, de lui dessiner un mouton. \ud83d\udc11 Dans ce r\u00e9cit, l\u2019arbre prend une dimension importante, \u00e9cosyst\u00e9mique. Les \u00e9l\u00e9ments de ce r\u00e9cit s\u2019entrem\u00ealent pour former une vision optimiste et positive. De quoi s\u2019agit-il\u00a0? Les contes de [&hellip;]<\/p>\n","protected":false},"author":1,"featured_media":0,"comment_status":"open","ping_status":"open","sticky":false,"template":"","format":"standard","meta":{"_s2mail":"","footnotes":""},"categories":[176],"tags":[],"class_list":["post-1877","post","type-post","status-publish","format-standard","hentry","category-fiction-numerique"],"jetpack_featured_media_url":"","_links":{"self":[{"href":"https:\/\/orditux.org\/aol\/wp-json\/wp\/v2\/posts\/1877","targetHints":{"allow":["GET"]}}],"collection":[{"href":"https:\/\/orditux.org\/aol\/wp-json\/wp\/v2\/posts"}],"about":[{"href":"https:\/\/orditux.org\/aol\/wp-json\/wp\/v2\/types\/post"}],"author":[{"embeddable":true,"href":"https:\/\/orditux.org\/aol\/wp-json\/wp\/v2\/users\/1"}],"replies":[{"embeddable":true,"href":"https:\/\/orditux.org\/aol\/wp-json\/wp\/v2\/comments?post=1877"}],"version-history":[{"count":4,"href":"https:\/\/orditux.org\/aol\/wp-json\/wp\/v2\/posts\/1877\/revisions"}],"predecessor-version":[{"id":2957,"href":"https:\/\/orditux.org\/aol\/wp-json\/wp\/v2\/posts\/1877\/revisions\/2957"}],"wp:attachment":[{"href":"https:\/\/orditux.org\/aol\/wp-json\/wp\/v2\/media?parent=1877"}],"wp:term":[{"taxonomy":"category","embeddable":true,"href":"https:\/\/orditux.org\/aol\/wp-json\/wp\/v2\/categories?post=1877"},{"taxonomy":"post_tag","embeddable":true,"href":"https:\/\/orditux.org\/aol\/wp-json\/wp\/v2\/tags?post=1877"}],"curies":[{"name":"wp","href":"https:\/\/api.w.org\/{rel}","templated":true}]}}