{"id":1799,"date":"2020-05-03T10:16:23","date_gmt":"2020-05-03T08:16:23","guid":{"rendered":"https:\/\/orditux.org\/aol\/?p=1799"},"modified":"2026-02-03T22:54:34","modified_gmt":"2026-02-03T20:54:34","slug":"objectif-rajeunir-un-portable-de-2008-en-2020","status":"publish","type":"post","link":"https:\/\/orditux.org\/aol\/2020\/05\/03\/objectif-rajeunir-un-portable-de-2008-en-2020\/","title":{"rendered":"Objectif rajeunir un portable de 2008 en 2020"},"content":{"rendered":"<span class=\"span-reading-time rt-reading-time\" style=\"display: block;\"><span class=\"rt-label rt-prefix\">Temps de lecture\u00a0: <\/span> <span class=\"rt-time\"> 3<\/span> <span class=\"rt-label rt-postfix\">minutes<\/span><\/span><h2 style=\"text-align: justify;\">Rajeunir un ordinateur portable vieux de 12 ans y croyez-vous ?<\/h2>\n<p style=\"text-align: justify;\">\u26a0\ufe0f Ceci n&#8217;est pas un tutoriel, cet article a pour seul but de montrer ce qu&#8217;il est possible de faire pour donner une seconde vie \u00e0 un ordinateur d&#8217;\u00e2ge avanc\u00e9.<\/p>\n<div id=\"attachment_1803\" class=\"wp-caption aligncenter\" style=\"width: 360px\"><img data-recalc-dims=\"1\" decoding=\"async\" class=\"wp-image-1803 size-full\" title=\"Ancien PC portable Toshiba L300D-23U\" src=\"https:\/\/i0.wp.com\/orditux.org\/aol\/files\/2020\/05\/20200422_pc3.jpg?resize=360%2C480&#038;ssl=1\" alt=\"Ancien PC portable Toshiba L300D-23U\" width=\"360\" height=\"480\" srcset=\"https:\/\/i0.wp.com\/orditux.org\/aol\/files\/2020\/05\/20200422_pc3.jpg?w=360&amp;ssl=1 360w, https:\/\/i0.wp.com\/orditux.org\/aol\/files\/2020\/05\/20200422_pc3.jpg?resize=225%2C300&amp;ssl=1 225w, https:\/\/i0.wp.com\/orditux.org\/aol\/files\/2020\/05\/20200422_pc3.jpg?resize=18%2C24&amp;ssl=1 18w, https:\/\/i0.wp.com\/orditux.org\/aol\/files\/2020\/05\/20200422_pc3.jpg?resize=27%2C36&amp;ssl=1 27w, https:\/\/i0.wp.com\/orditux.org\/aol\/files\/2020\/05\/20200422_pc3.jpg?resize=36%2C48&amp;ssl=1 36w\" sizes=\"(max-width: 360px) 100vw, 360px\" \/><p class=\"wp-caption-text\">Ancien PC portable Toshiba L300D-23U<\/p><\/div>\n<p style=\"text-align: justify;\">C&#8217;est ce qui fut fait, pas plus tard que la semaine derni\u00e8re, \u00e0 la faveur de la livraison d&#8217;un nouveau processeur, et gr\u00e2ce \u00e0 un petit disque de stockage <abbr title=\"Solid State Disk\">SSD<\/abbr>.<\/p>\n<blockquote><p>Vous trouverez <a href=\"https:\/\/orditux.org\/statistiques-reemploi\/\"><strong>sur cette page<\/strong><\/a>\u00a0 des statistiques d&#8217;\u00e9quivalents carbone sauv\u00e9s par le r\u00e9emploi op\u00e9r\u00e9 sur le m\u00eame principe que pr\u00e9sent\u00e9 ici : au cours des 12 premiers mois de l&#8217;activit\u00e9 informatique.<\/p><\/blockquote>\n<p style=\"text-align: justify;\"><img data-recalc-dims=\"1\" decoding=\"async\" class=\"aligncenter wp-image-1805 size-medium\" src=\"https:\/\/i0.wp.com\/orditux.org\/aol\/files\/2020\/05\/20200422_cm5.jpg?resize=300%2C154&#038;ssl=1\" alt=\"Processeurs AMD\" width=\"300\" height=\"154\" srcset=\"https:\/\/i0.wp.com\/orditux.org\/aol\/files\/2020\/05\/20200422_cm5.jpg?resize=300%2C154&amp;ssl=1 300w, https:\/\/i0.wp.com\/orditux.org\/aol\/files\/2020\/05\/20200422_cm5.jpg?resize=24%2C12&amp;ssl=1 24w, https:\/\/i0.wp.com\/orditux.org\/aol\/files\/2020\/05\/20200422_cm5.jpg?resize=36%2C18&amp;ssl=1 36w, https:\/\/i0.wp.com\/orditux.org\/aol\/files\/2020\/05\/20200422_cm5.jpg?resize=48%2C25&amp;ssl=1 48w, https:\/\/i0.wp.com\/orditux.org\/aol\/files\/2020\/05\/20200422_cm5.jpg?w=480&amp;ssl=1 480w\" sizes=\"(max-width: 300px) 100vw, 300px\" \/><\/p>\n<p style=\"text-align: justify;\">L&#8217;ordinateur portable est un Toshiba version L300D-23U sorti en 2008. <a href=\"https:\/\/web.archive.org\/web\/20220816045346\/https:\/\/fr.dynabook.com\/discontinued-products\/satellite-l300d-23u\/\" target=\"_blank\" rel=\"noopener\">Une revue de la machine<\/a> \u00a0nous indique qu&#8217;il fonctionnait (je ne sais comment \ud83e\udd28) avec Windows Vista sur un processeur AMD 32bits (monoc\u0153ur, si vous pr\u00e9f\u00e9rez). C&#8217;\u00e9tait certainement loin d&#8217;\u00eatre rapide.<\/p>\n<blockquote>\n<ul>\n<li>Windows Vista\u00ae Home Basic 32 bits Edition (pr\u00e9install\u00e9 et Toshiba HDD Recovery)<\/li>\n<li>Processeur AMD Sempron\u2122 SI-42 pour PC Portable<\/li>\n<li>39.1cm (15.4\u201d) , Ecran Toshiba TruBrite\u00ae WXGA TFT Ultra Lumineux<\/li>\n<li>Disque dur 250 Go<\/li>\n<li>3,072 (2,048 + 1,024) Mo, DDR2 RAM (800 MHz)<\/li>\n<li>ATI Radeon\u2122 3100 Graphics<\/li>\n<li>autonomie : up to 2h10min (Mobile Mark\u2122 2007)<\/li>\n<li>poids : \u00e0 partir de 2.49 kg<\/li>\n<li>type : ATI Radeon\u2122 3100 Graphics<\/li>\n<li>M\u00e9moire vid\u00e9o : up to 1,407 MB total available graphics memory with 3 GB system memory<\/li>\n<\/ul>\n<\/blockquote>\n<h2 style=\"text-align: justify;\">Choisir les \u00e9l\u00e9ments \u00e0 remplacer<\/h2>\n<p style=\"text-align: justify;\">L&#8217;information sur la marque, le mod\u00e8le pr\u00e9cis ou la carte m\u00e8re permet de conna\u00eetre les pi\u00e8ces \u00e0 choisir pour une mise \u00e0 jour mat\u00e9rielle. Sur le site <a href=\"https:\/\/cpu.userbenchmark.com\">https:\/\/cpu.userbenchmark.com<\/a> on trouve pas mal d&#8217;infos. Il y avait 3 possibilit\u00e9s, un <em>Athlon X2 Dual-Core QL-60<\/em>, un <em>Athlon X2 Dual-Core QL-62<\/em> ou un <em>Athlon X2 Dual-Core QL-64.<\/em><\/p>\n<p style=\"text-align: justify;\">J&#8217;ai choisi le moins puissant des trois parce que \u00e7a prendrait moins de temps pour le recevoir et serait d\u00e9j\u00e0 beaucoup plus performant qu&#8217;un\u00a0<abbr title=\"Central Processing Unit\">CPU<\/abbr> 32bits. On passe au dual-core, et en plus les 4 Go de m\u00e9moire vive install\u00e9s seraient pris en compte.<\/p>\n<p style=\"text-align: justify;\"><img data-recalc-dims=\"1\" decoding=\"async\" class=\"alignleft wp-image-1806 size-medium\" src=\"https:\/\/i0.wp.com\/orditux.org\/aol\/files\/2020\/05\/20200422_cm2.jpg?resize=300%2C225&#038;ssl=1\" alt=\"D\u00e9montage du processeur\" width=\"300\" height=\"225\" srcset=\"https:\/\/i0.wp.com\/orditux.org\/aol\/files\/2020\/05\/20200422_cm2.jpg?resize=300%2C225&amp;ssl=1 300w, https:\/\/i0.wp.com\/orditux.org\/aol\/files\/2020\/05\/20200422_cm2.jpg?resize=24%2C18&amp;ssl=1 24w, https:\/\/i0.wp.com\/orditux.org\/aol\/files\/2020\/05\/20200422_cm2.jpg?resize=36%2C27&amp;ssl=1 36w, https:\/\/i0.wp.com\/orditux.org\/aol\/files\/2020\/05\/20200422_cm2.jpg?resize=48%2C36&amp;ssl=1 48w, https:\/\/i0.wp.com\/orditux.org\/aol\/files\/2020\/05\/20200422_cm2.jpg?w=480&amp;ssl=1 480w\" sizes=\"(max-width: 300px) 100vw, 300px\" \/><\/p>\n<p style=\"text-align: justify;\"><img data-recalc-dims=\"1\" decoding=\"async\" class=\"wp-image-1807 size-full alignright\" src=\"https:\/\/i0.wp.com\/orditux.org\/aol\/files\/2020\/05\/20200422_pc4.jpg?resize=443%2C260&#038;ssl=1\" alt=\"Coque du PC avant remontage\" width=\"443\" height=\"260\" srcset=\"https:\/\/i0.wp.com\/orditux.org\/aol\/files\/2020\/05\/20200422_pc4.jpg?w=443&amp;ssl=1 443w, https:\/\/i0.wp.com\/orditux.org\/aol\/files\/2020\/05\/20200422_pc4.jpg?resize=300%2C176&amp;ssl=1 300w, https:\/\/i0.wp.com\/orditux.org\/aol\/files\/2020\/05\/20200422_pc4.jpg?resize=24%2C14&amp;ssl=1 24w, https:\/\/i0.wp.com\/orditux.org\/aol\/files\/2020\/05\/20200422_pc4.jpg?resize=36%2C21&amp;ssl=1 36w, https:\/\/i0.wp.com\/orditux.org\/aol\/files\/2020\/05\/20200422_pc4.jpg?resize=48%2C28&amp;ssl=1 48w\" sizes=\"(max-width: 443px) 100vw, 443px\" \/><\/p>\n<p style=\"text-align: justify;\">Enfin, apr\u00e8s avoir d\u00e9mont\u00e9 enti\u00e8rement ce petit portable pour en remplacer le processeur je l&#8217;ai d\u00e9marr\u00e9 pour tester avec le disque dur classique. C&#8217;\u00e9tait nettement mieux mais pas encore tout \u00e0 fait satisfaisant, alors j&#8217;ai chang\u00e9 le disque dur pour un <abbr title=\"Solid State Disk\">SSD<\/abbr> avant d&#8217;y installer <a href=\"https:\/\/orditux.org\/bentovillage\/\"><strong style=\"font-size: 1.2em;\">Bento Openbox<\/strong><\/a> et maintenant \u00e7a fonctionne \u00e0 une vitesse fulgurante.<\/p>\n<p style=\"text-align: justify;\">Il lui faut \u00e0 peine 10 secondes pour d\u00e9marrer et moins de 3 secondes pour s&#8217;\u00e9teindre depuis la session lanc\u00e9e et le d\u00e9marrage des applications, m\u00eame celles qui habituellement prennent du temps \u00e0 se lancer, comme Libreoffice, Firefox, ou Chromium Browser, est quasi instantan\u00e9.<\/p>\n<p style=\"text-align: justify;\">Le gain : j&#8217;ai pes\u00e9 l&#8217;ordinateur, avec sa batterie mais sans son chargeur il p\u00e8se <strong style=\"font-size: 1.2em;\">2 <\/strong><strong>kilos<\/strong> et 450 grammes. J&#8217;ai pes\u00e9 le processeur, je croyais ma balance plus pr\u00e9cise, elle a h\u00e9sit\u00e9 entre 0 et 5 grammes donc je dirais que le processeur devenu inutile p\u00e8se <strong style=\"font-size: 1.2em;\">moins de 5 grammes<\/strong>. Le disque dur remplac\u00e9 ira dans un boitier pour servir de disque dur externe donc il n&#8217;est pas perdu.<\/p>\n<p style=\"text-align: justify;\">Au final, ce PC portable va continuer sa vie et servira \u00e0 une personne ayant besoin d&#8217;un ordinateur portable pas trop co\u00fbteux et servira encore durant plusieurs ann\u00e9es. Gain approximatif <strong>en \u00e9quivalent carbone<\/strong> : <strong style=\"font-size: 1.2em;\">320 kilos<\/strong>.<\/p>\n<p style=\"text-align: justify;\">Le site d&#8217;origine ayant supprim\u00e9 la page des informations techniques de cette machine, le lien mort a \u00e9t\u00e9 remplac\u00e9 par une copie disponible sur le site archive.org.<\/p>\n<p style=\"text-align: justify;\">\n","protected":false},"excerpt":{"rendered":"<p><span class=\"span-reading-time rt-reading-time\" style=\"display: block;\"><span class=\"rt-label rt-prefix\">Temps de lecture\u00a0: <\/span> <span class=\"rt-time\"> 3<\/span> <span class=\"rt-label rt-postfix\">minutes<\/span><\/span>Rajeunir un ordinateur portable vieux de 12 ans y croyez-vous ? \u26a0\ufe0f Ceci n&#8217;est pas un tutoriel, cet article a pour seul but de montrer ce qu&#8217;il est possible de faire pour donner une seconde vie \u00e0 un ordinateur d&#8217;\u00e2ge avanc\u00e9. C&#8217;est ce qui fut fait, pas plus tard que la semaine derni\u00e8re, \u00e0 la [&hellip;]<\/p>\n","protected":false},"author":1,"featured_media":0,"comment_status":"open","ping_status":"open","sticky":false,"template":"","format":"standard","meta":{"_s2mail":"","footnotes":""},"categories":[45],"tags":[],"class_list":["post-1799","post","type-post","status-publish","format-standard","hentry","category-services-informatiques"],"jetpack_featured_media_url":"","_links":{"self":[{"href":"https:\/\/orditux.org\/aol\/wp-json\/wp\/v2\/posts\/1799","targetHints":{"allow":["GET"]}}],"collection":[{"href":"https:\/\/orditux.org\/aol\/wp-json\/wp\/v2\/posts"}],"about":[{"href":"https:\/\/orditux.org\/aol\/wp-json\/wp\/v2\/types\/post"}],"author":[{"embeddable":true,"href":"https:\/\/orditux.org\/aol\/wp-json\/wp\/v2\/users\/1"}],"replies":[{"embeddable":true,"href":"https:\/\/orditux.org\/aol\/wp-json\/wp\/v2\/comments?post=1799"}],"version-history":[{"count":10,"href":"https:\/\/orditux.org\/aol\/wp-json\/wp\/v2\/posts\/1799\/revisions"}],"predecessor-version":[{"id":2878,"href":"https:\/\/orditux.org\/aol\/wp-json\/wp\/v2\/posts\/1799\/revisions\/2878"}],"wp:attachment":[{"href":"https:\/\/orditux.org\/aol\/wp-json\/wp\/v2\/media?parent=1799"}],"wp:term":[{"taxonomy":"category","embeddable":true,"href":"https:\/\/orditux.org\/aol\/wp-json\/wp\/v2\/categories?post=1799"},{"taxonomy":"post_tag","embeddable":true,"href":"https:\/\/orditux.org\/aol\/wp-json\/wp\/v2\/tags?post=1799"}],"curies":[{"name":"wp","href":"https:\/\/api.w.org\/{rel}","templated":true}]}}