{"id":1556,"date":"2020-04-20T08:08:50","date_gmt":"2020-04-20T06:08:50","guid":{"rendered":"https:\/\/orditux.org\/aol\/?p=1556"},"modified":"2026-02-24T19:36:49","modified_gmt":"2026-02-24T17:36:49","slug":"en-vente-un-petit-pc-portable-au-top","status":"publish","type":"post","link":"https:\/\/orditux.org\/aol\/2020\/04\/20\/en-vente-un-petit-pc-portable-au-top\/","title":{"rendered":"En vente un petit pc portable au top !"},"content":{"rendered":"<span class=\"span-reading-time rt-reading-time\" style=\"display: block;\"><span class=\"rt-label rt-prefix\">Temps de lecture\u00a0: <\/span> <span class=\"rt-time\"> 5<\/span> <span class=\"rt-label rt-postfix\">minutes<\/span><\/span><p style=\"text-align: justify;\">J&#8217;ai un petit PC, un Lenovo Thinkpad x220 que j&#8217;ai depuis plusieurs ann\u00e9es et entretiens avec soin. J&#8217;en suis tr\u00e8s contente c&#8217;est pourquoi je vais vous pr\u00e9senter un mod\u00e8le identique et ses avantages en d\u00e9tail.<\/p>\n<p style=\"text-align: justify;\">Mon Thinkpad x220 est presque le m\u00eame que <strong style=\"font-size: 1.1em;\">celui que je pr\u00e9sente \u00e0 la vente<\/strong> dans cet article. Un \u00e9cran de 12,5&#8243; en haute r\u00e9solution, un poids de 1,5 kilos avec la batterie.<\/p>\n<blockquote>\n<p style=\"text-align: center;\"><img data-recalc-dims=\"1\" decoding=\"async\" class=\"aligncenter wp-image-1559 size-full\" title=\"Thinkpad x220\" src=\"https:\/\/i0.wp.com\/orditux.org\/aol\/files\/2020\/04\/ThinkPadX220-fd-transp.png?resize=500%2C513&#038;ssl=1\" alt=\"Thinkpad x220\" width=\"500\" height=\"513\" srcset=\"https:\/\/i0.wp.com\/orditux.org\/aol\/files\/2020\/04\/ThinkPadX220-fd-transp.png?w=500&amp;ssl=1 500w, https:\/\/i0.wp.com\/orditux.org\/aol\/files\/2020\/04\/ThinkPadX220-fd-transp.png?resize=292%2C300&amp;ssl=1 292w, https:\/\/i0.wp.com\/orditux.org\/aol\/files\/2020\/04\/ThinkPadX220-fd-transp.png?resize=24%2C24&amp;ssl=1 24w, https:\/\/i0.wp.com\/orditux.org\/aol\/files\/2020\/04\/ThinkPadX220-fd-transp.png?resize=36%2C36&amp;ssl=1 36w, https:\/\/i0.wp.com\/orditux.org\/aol\/files\/2020\/04\/ThinkPadX220-fd-transp.png?resize=48%2C48&amp;ssl=1 48w\" sizes=\"(max-width: 500px) 100vw, 500px\" \/><\/p>\n<\/blockquote>\n<p style=\"text-align: justify;\">Les mod\u00e8les de la gamme Thinkpad sont des mod\u00e8les robustes pour les professionnels<\/p>\n<p style=\"text-align: justify;\"><a href=\"https:\/\/fr.wikipedia.org\/wiki\/ThinkPad\">https:\/\/fr.wikipedia.org\/wiki\/ThinkPad<\/a><\/p>\n<blockquote><p>R\u00e9put\u00e9s pour leurs performances, leur robustesse et leur solidit\u00e9 les ordinateurs portables ThinkPad sont con\u00e7us avant tout pour le march\u00e9 professionnel. Les ThinkPad ont \u00e9galement \u00e9t\u00e9 utilis\u00e9s dans l&#8217;espace et sont les seuls ordinateurs portables certifi\u00e9s pour une utilisation dans la <a title=\"Station spatiale internationale\" href=\"https:\/\/fr.wikipedia.org\/wiki\/Station_spatiale_internationale\">Station spatiale internationale<\/a>.<\/p><\/blockquote>\n<h2 style=\"text-align: justify;\">Ce portable en vente qu&#8217;a-t-il de sp\u00e9cial ?<\/h2>\n<p style=\"text-align: justify;\">Aujourd&#8217;hui je vous propose un ordinateur portable Thinkpad x220 ultra l\u00e9ger et ultra puissant. 1,5 kilos avec la batterie et\u2026 Ne sautez pas \u00e0 la fin de l&#8217;article pour voir le prix ! Je vous le donne tout de suite !<\/p>\n<p style=\"font-size: 1.8em; text-align: justify;\"><strong><span style=\"color: #ff6600;\">489,00 euros TTC <\/span><\/strong><a href=\"#conditions\">[\u00b9]<\/a><\/p>\n<p style=\"text-align: justify;\">Maintenant que <strong style=\"font-size: 1.1em;\"><em>le sujet qui f\u00e2che<\/em><\/strong> est pos\u00e9, je vous donne <strong style=\"font-size: 1.1em;\">les caract\u00e9ristiques<\/strong> de ce bel appareil. Tout d&#8217;abord, pour ce prix c&#8217;est un ordinateur d&#8217;occasion.<\/p>\n<p style=\"padding-left: 80px; text-align: justify;\">D&#8217;occasion ? \u00c0 ce prix ? \ud83e\uddd0 On trouve un Lenovo en neuf<br \/>\npour moins cher au supermarch\u00e9 ! \ud83d\ude35<\/p>\n<p style=\"text-align: justify;\"><strong style=\"font-size: 1.1em;\">Oui mais<\/strong> \u21d2 la qualit\u00e9 n&#8217;a rien \u00e0 voir !\u00a0 \ud83d\udc69\u200d\ud83c\udfeb Les machines r\u00e9centes grand public ne sont pas facilement d\u00e9montables. Important <a href=\"https:\/\/orditux.org\/statistiques-reemploi\/\"><strong>pour les entretenir<\/strong><\/a> et les faire durer ! Et leur \u00e9volutivit\u00e9 est plus limit\u00e9e. Si vous voulez <strong style=\"font-size: 1.1em;\">lire les caract\u00e9ristiques<\/strong> du mod\u00e8le en vente tout de suite, <a href=\"#caracteristiques\"><strong>[\u00b2] cliquez ici<\/strong><\/a>.<\/p>\n<p style=\"font-size: 1.5em; text-align: justify;\"><span style=\"color: #339966;\"><strong>Que voulons-nous ?<br \/>\nNous voulons que ce soit simple et que \u00e7a marche !<br \/>\nOui ? Et en plus on veut que \u00e7a dure ! \ud83d\ude0a<br \/>\n<\/strong><\/span><\/p>\n<p style=\"text-align: justify;\">Par exemple, avec les ordinateurs r\u00e9cents de gammes grand public, la m\u00e9moire vive est de plus en plus souvent soud\u00e9e sur la carte m\u00e8re et souvent aussi il n&#8217;y a pas d&#8217;emplacement pour en ajouter.<\/p>\n<p style=\"text-align: justify;\">Ou bien le syst\u00e8me de stockage est soud\u00e9 sur la carte m\u00e8re. Il est fr\u00e9quent que les plastiques qui composent les coques soient de mauvaise qualit\u00e9 et ne tiennent pas sur la dur\u00e9e.<\/p>\n<p style=\"text-align: justify;\">Souvent aussi vous n&#8217;avez pas de connecteur Ethernet, contentez-vous de la wifi ou bien achetez un adaptateur USB vers Ethernet en plus !<\/p>\n<p style=\"text-align: justify;\">Et de plus en plus vous n&#8217;avez pas de lecteur CD\/DVD <a href=\"#station-travail\"><strong>[\u00b3]<\/strong><\/a>. Achetez un lecteur CD\/DVD en plus \u00e0 brancher en USB si vous en voulez un, et ainsi de suite\u2026<\/p>\n<p style=\"text-align: justify;\">En vid\u00e9o ci-dessous (en anglais)\u00a0 ce jeune dit pareil que moi \u00e0 propos du Lenovo Thinkpad X220 \u201cWhy a 9-year Old Laptop is Still Relevant in 2020\u201d<\/p>\n<p style=\"text-align: justify;\"><iframe loading=\"lazy\" src=\"https:\/\/www.youtube.com\/embed\/HgxWQojO2QI\" width=\"1191\" height=\"670\" frameborder=\"0\" allowfullscreen=\"allowfullscreen\"><\/iframe><\/p>\n<p style=\"text-align: justify;\">\u201cPourquoi un ordinateur portable vieux de 9 ans est encore pertinent en 2020\u201d. \u00c7a commence par &#8220;en 2020 c&#8217;est difficile de trouver un portable l\u00e9ger pour l&#8217;utilisation courante que vous pouvez upgrader vous-m\u00eame&#8221;.<\/p>\n<p style=\"padding-left: 40px; text-align: justify;\"><em>Apart\u00e9 \u00e0 l&#8217;attention des connaisseurs : J&#8217;ai eu une exp\u00e9rience il n&#8217;y a pas tr\u00e8s longtemps avec un de ces stockages, un client m&#8217;avait apport\u00e9 son ordinateur portable qui ne fonctionnait plus. Le stockage n&#8217;\u00e9tait pas un disque dur ou un SSD, mais un eMMC soud\u00e9 sur la carte m\u00e8re d&#8217;un Acer aspire es1-431 et fournissant un espace de seulement 32 Go de stockage. <\/em><\/p>\n<p style=\"padding-left: 40px; text-align: justify;\"><em>Ce eMMC qui \u00e9tait mort \u00e9tait irr\u00e9parable et impossible \u00e0 changer puisque soud\u00e9. La machine n&#8217;avait pas d&#8217;emplacement d\u00e9di\u00e9 pour ajouter un autre stockage comme un disque dur ou un SSD. Heureusement un contournement a \u00e9t\u00e9 possible avec l&#8217;espace normalement r\u00e9serv\u00e9 pour le lecteur graveur (il n&#8217;y en avait pas mais il y avait un cache et au bout un connecteur SATA). \u00c7a s&#8217;est compliqu\u00e9 avec l&#8217;UEFI. \u00c7a s&#8217;est finalement r\u00e9solu en appliquant une table de partition ms-dos neuve sur l&#8217;eMMC d\u00e9faillant.<br \/>\n<\/em><\/p>\n<h2 style=\"text-align: justify;\"><strong>Le Thinkpad x220<\/strong><\/h2>\n<p style=\"text-align: justify;\">Son \u00e9volutivit\u00e9 n&#8217;est pas totale, puisque son processeur est soud\u00e9 \u00e0 la carte m\u00e8re, mais il existe 3 variantes, un avec un processeur Intel i3, un avec i5 et le plus puissant avec un processeur i7, respectivement de 2,1Ghz \u00e0 2,8Ghz.<\/p>\n<p style=\"text-align: justify;\">Et pour la m\u00e9moire vive, (la RAM) on peut l&#8217;\u00e9quiper en m\u00e9moire DDR3 PC-10600 \u00e0 1333MHz (la PC-12800 peut aussi fonctionner), au maximum 8 Go, ou encore on peut installer 2&#215;8 Go de m\u00e9moire pour un total de 16 Go<span dir=\"auto\">.<br \/>\n<\/span><\/p>\n<h3 style=\"text-align: justify;\"><a name=\"conditions\"><\/a><br \/>\n<strong>[\u00b9] Conditions de vente<\/strong><\/h3>\n<p style=\"text-align: justify;\">Ce Lenovo Thinkpad x220 en vente aujourd&#8217;hui est <strong style=\"font-size: 1.1em;\">le seul<\/strong> disponible. L&#8217;annonce n&#8217;est valable <strong style=\"font-size: 1.1em;\">que pour cet ordinateur<\/strong>. S&#8217;il n&#8217;est plus disponible et que vous soyez int\u00e9ress\u00e9 par un mod\u00e8le identique, <strong style=\"font-size: 1.1em;\">vous pouvez <a href=\"https:\/\/orditux.org\/contact\">nous contacter<\/a><\/strong>.<\/p>\n<p style=\"text-align: justify;\">Les frais de livraison sont factur\u00e9s en plus en fonction du mode de livraison choisi. Ils sont offerts durant toute la p\u00e9riode du confinement <a href=\"https:\/\/pamiers-shopping.com\/\">si vous habitez Pamiers (09100) ou proche<\/a>.<\/p>\n<h3 style=\"text-align: justify;\"><a name=\"caracteristiques\"><\/a><br \/>\n<strong>[\u00b2] Caract\u00e9ristiques du Thinkpad x220 en vente<\/strong><\/h3>\n<ul style=\"text-align: justify;\">\n<li>Date de sortie de ce mod\u00e8le 2012<\/li>\n<li>Processeur i7 2,8 Ghz 2\u00e8me g\u00e9n\u00e9ration<\/li>\n<li>M\u00e9moire syst\u00e8me 16 Go<\/li>\n<li>Stockage SSD 180 Go<\/li>\n<li>\u00c9cran IPS 12,5&#8243; 1366&#215;768<\/li>\n<li>Syst\u00e8me Windows 10 64bits professionnel<\/li>\n<li>Clavier qwerty (anglais)<\/li>\n<li>Divers logiciels pour l&#8217;usage courant<\/li>\n<\/ul>\n<div style=\"text-align: justify;\">Tr\u00e8s bon fonctionnement g\u00e9n\u00e9ral du syst\u00e8me.<\/div>\n<div style=\"text-align: justify;\">De l\u00e9g\u00e8res \u00e9gratignures sur le capot et sous le boiter, ainsi que 2 pixels manquants sur l&#8217;\u00e9cran non g\u00eanants \u00e0 l&#8217;usage.<\/div>\n<div style=\"text-align: justify;\">Batterie 9 cellules en bon \u00e9tat, utilisation plusieurs heures possibles (entre 6 et 7 heures selon les tests, durabilit\u00e9 non garantie).<\/div>\n<div style=\"text-align: justify;\"><\/div>\n<div style=\"text-align: justify;\">Ajouts et modifications possibles sur devis : ajout d&#8217;une station de travail, changement pour un SSD avec plus de capacit\u00e9 de stockage (240, 250, 500, 1To, 2 To), installation d&#8217;une distribution Linux en remplacement ou en plus du syst\u00e8me Windows actuel, clavier azerty.<\/div>\n<h3 style=\"text-align: justify;\"><a name=\"station-travail\"><\/a><br \/>\n<strong>[\u00b3] Station de travail Thinkpad x220<\/strong><\/h3>\n<p style=\"text-align: justify;\">Le Thinkpad x220 peut \u00eatre \u00e9quip\u00e9 d&#8217;une station de travail amovible comportant un lecteur CD\/DVD.<\/p>\n<h2 style=\"text-align: justify;\">Information compl\u00e9mentaire<\/h2>\n<p style=\"text-align: justify;\">Le dernier prix neuf affich\u00e9 est disponible chez <a href=\"https:\/\/www.materiel.net\/produit\/201808080046.html\">materiel.net<\/a>. Il co\u00fbtait alors 999,95\u20ac. Vous trouverez aussi une pr\u00e9sentation publi\u00e9e en 2011 avant sa sortie en France sur <a href=\"https:\/\/www.generation-nt.com\/lenovo-thinkpad-x220-ordinateur-ultra-portable-actualite-1171101.html\">Generation-nt.com<\/a><\/p>\n<p style=\"text-align: justify;\">Si vous avez des questions, vous pouvez nous contacter ou laisser un commentaire \u00e0 la suite de l&#8217;article.<\/p>\n","protected":false},"excerpt":{"rendered":"<p><span class=\"span-reading-time rt-reading-time\" style=\"display: block;\"><span class=\"rt-label rt-prefix\">Temps de lecture\u00a0: <\/span> <span class=\"rt-time\"> 5<\/span> <span class=\"rt-label rt-postfix\">minutes<\/span><\/span>J&#8217;ai un petit PC, un Lenovo Thinkpad x220 que j&#8217;ai depuis plusieurs ann\u00e9es et entretiens avec soin. J&#8217;en suis tr\u00e8s contente c&#8217;est pourquoi je vais vous pr\u00e9senter un mod\u00e8le identique et ses avantages en d\u00e9tail. Mon Thinkpad x220 est presque le m\u00eame que celui que je pr\u00e9sente \u00e0 la vente dans cet article. Un \u00e9cran [&hellip;]<\/p>\n","protected":false},"author":1,"featured_media":0,"comment_status":"open","ping_status":"open","sticky":false,"template":"","format":"standard","meta":{"_s2mail":"","footnotes":""},"categories":[146],"tags":[],"class_list":["post-1556","post","type-post","status-publish","format-standard","hentry","category-vente-dordinateurs"],"jetpack_featured_media_url":"","_links":{"self":[{"href":"https:\/\/orditux.org\/aol\/wp-json\/wp\/v2\/posts\/1556","targetHints":{"allow":["GET"]}}],"collection":[{"href":"https:\/\/orditux.org\/aol\/wp-json\/wp\/v2\/posts"}],"about":[{"href":"https:\/\/orditux.org\/aol\/wp-json\/wp\/v2\/types\/post"}],"author":[{"embeddable":true,"href":"https:\/\/orditux.org\/aol\/wp-json\/wp\/v2\/users\/1"}],"replies":[{"embeddable":true,"href":"https:\/\/orditux.org\/aol\/wp-json\/wp\/v2\/comments?post=1556"}],"version-history":[{"count":2,"href":"https:\/\/orditux.org\/aol\/wp-json\/wp\/v2\/posts\/1556\/revisions"}],"predecessor-version":[{"id":2876,"href":"https:\/\/orditux.org\/aol\/wp-json\/wp\/v2\/posts\/1556\/revisions\/2876"}],"wp:attachment":[{"href":"https:\/\/orditux.org\/aol\/wp-json\/wp\/v2\/media?parent=1556"}],"wp:term":[{"taxonomy":"category","embeddable":true,"href":"https:\/\/orditux.org\/aol\/wp-json\/wp\/v2\/categories?post=1556"},{"taxonomy":"post_tag","embeddable":true,"href":"https:\/\/orditux.org\/aol\/wp-json\/wp\/v2\/tags?post=1556"}],"curies":[{"name":"wp","href":"https:\/\/api.w.org\/{rel}","templated":true}]}}