{"id":151,"date":"2013-06-14T23:25:26","date_gmt":"2013-06-14T21:25:26","guid":{"rendered":"http:\/\/orditux.org\/aol\/?p=151"},"modified":"2026-02-03T21:08:25","modified_gmt":"2026-02-03T19:08:25","slug":"reduisons-nos-dechets-informatique","status":"publish","type":"post","link":"https:\/\/orditux.org\/aol\/2013\/06\/14\/reduisons-nos-dechets-informatique\/","title":{"rendered":"R\u00e9duisons nos d\u00e9chets informatique"},"content":{"rendered":"<span class=\"span-reading-time rt-reading-time\" style=\"display: block;\"><span class=\"rt-label rt-prefix\">Temps de lecture\u00a0: <\/span> <span class=\"rt-time\"> 4<\/span> <span class=\"rt-label rt-postfix\">minutes<\/span><\/span><p style=\"text-align: justify;\">Notre soci\u00e9t\u00e9 moderne fait face \u00e0 deux gros probl\u00e8mes, lesquels ont pour noms \u00e9cologie et \u00e9conomie. Le sujet de ce billet porte sur les d\u00e9chets, en particulier informatiques et quelques r\u00e9flexions autour des ordinateurs.<\/p>\n<p style=\"text-align: justify;\">Nous pouvons r\u00e9duire les d\u00e9chets de diverses mani\u00e8res, pour \u00eatre moins polluants et pour \u00eatre plus \u00e9conomiques. Nous pouvons aussi les diminuer en achetant moins. Par exemple, moins de produits dot\u00e9s de beaucoup d&#8217;emballages, moins d&#8217;objets jetables, et aussi moins d&#8217;objets technologiques\u202f!<\/p>\n<p style=\"text-align: justify;\"><strong>Explications<\/strong><\/p>\n<p style=\"text-align: justify;\">Nous participons au tri de notre mieux depuis d\u00e9j\u00e0 de nombreuses ann\u00e9es. C&#8217;est \u00e0 peu pr\u00e8s \u00e0 partir de 1995, avec des \u00e9carts larges selon les r\u00e9gions et les villes, qu&#8217;on peut commencer \u00e0 voir se d\u00e9velopper le <a title=\"Tri \u00e0 la source\" href=\"http:\/\/fr.wikipedia.org\/wiki\/Tri_s%C3%A9lectif#Formation_au_tri_.C3.A0_la_source\" target=\"_blank\" rel=\"noopener noreferrer\">tri \u00e0 la source<\/a> et observer la mise en place g\u00e9n\u00e9ralis\u00e9e des d\u00e9chetteries. Les dates ont \u00e9t\u00e9 variables suivant les r\u00e9gions, certaines ayant initi\u00e9 le tri s\u00e9lectif en tant que r\u00e9gions pilotes, d&#8217;autres ayant suivi plus tardivement, d&#8217;autres n&#8217;\u00e9tant pas encore arriv\u00e9es.<\/p>\n<p style=\"text-align: justify;\"><em>D\u00e9finition\u202fdu <a href=\"http:\/\/fr.wikipedia.org\/wiki\/Tri_s\u00e9lectif\" target=\"_blank\" rel=\"noopener noreferrer\">Tri s\u00e9lectif<\/a><\/em><\/p>\n<blockquote><p>Le <b>tri s\u00e9lectif<\/b> des d\u00e9chets et la collecte s\u00e9lective sont des actions consistant \u00e0 s\u00e9parer et r\u00e9cup\u00e9rer les <a href=\"http:\/\/fr.wikipedia.org\/wiki\/D\u00e9chet\">d\u00e9chets<\/a> selon leur nature, \u00e0 la source, pour \u00e9viter les contacts et les souillures. Ceci permet de leur donner une \u00ab\u00a0seconde vie\u00a0\u00bb, le plus souvent par le r\u00e9emploi et le <a href=\"http:\/\/fr.wikipedia.org\/wiki\/Recyclage\">recyclage<\/a> \u00e9vitant ainsi leur simple destruction par <a href=\"http:\/\/fr.wikipedia.org\/wiki\/Incin\u00e9ration\">incin\u00e9ration<\/a> ou abandon en <a href=\"http:\/\/fr.wikipedia.org\/wiki\/D\u00e9charge_%28d\u00e9chet%29\">d\u00e9charge<\/a> et, par cons\u00e9quent, de r\u00e9duire l&#8217;<a href=\"http:\/\/fr.wikipedia.org\/wiki\/Empreinte_\u00e9cologique\">empreinte \u00e9cologique<\/a>.<\/p><\/blockquote>\n<p style=\"text-align: justify;\">Seulement, le tri ne fait pas tout, puisque les d\u00e9chets vont devoir passer par un recyclage afin d&#8217;\u00e9viter le stockage et en m\u00eame temps r\u00e9employer la mati\u00e8re. Nous pouvons souvent lire \u00ab\u202flui donner une seconde vie\u202f\u00bb, comme dans l&#8217;article de Wikip\u00e9dia dont la citation ci-dessus est extraite, ce qui implique aussi que l&#8217;objet ou la mati\u00e8re finira \u00e9ventuellement par ne plus avoir de vie du tout.<\/p>\n<p style=\"text-align: justify;\">Tout en \u00e9tant bien conscients du fait que les objets que nous achetons seront un jour d\u00e9sassembl\u00e9s, br\u00fbl\u00e9s, transform\u00e9s ou simplement entrepos\u00e9s quand ce sont des mati\u00e8res que nous ne savons pas encore recycler, nous allons \u00e9voquer le cas des produits technologiques.<\/p>\n<div id=\"attachment_152\" class=\"wp-caption alignright\" style=\"width: 202px\"><a title=\"\"  href=\"https:\/\/i0.wp.com\/orditux.org\/aol\/files\/2013\/06\/liftarn_Any_key.jpg\" data-rel=\"lightbox-gallery-0\" data-rl_title=\"\" data-rl_caption=\"\" data-imagelightbox=\"0\"><img data-recalc-dims=\"1\" decoding=\"async\" class=\"size-full wp-image-152 \" style=\"margin: 3px;\" title=\"Any Key\" src=\"https:\/\/i0.wp.com\/orditux.org\/aol\/files\/2013\/06\/liftarn_Any_key.jpg?resize=202%2C203\" alt=\"Any key by liftarn\" width=\"202\" height=\"203\" srcset=\"https:\/\/i0.wp.com\/orditux.org\/aol\/files\/2013\/06\/liftarn_Any_key.jpg?w=202&amp;ssl=1 202w, https:\/\/i0.wp.com\/orditux.org\/aol\/files\/2013\/06\/liftarn_Any_key.jpg?resize=150%2C150&amp;ssl=1 150w\" sizes=\"(max-width: 202px) 100vw, 202px\" \/><\/a><p class=\"wp-caption-text\">Image openclipart.org<\/p><\/div>\n<p style=\"text-align: justify;\">Celui dont je veux vous parler est l&#8217;ordinateur. Sans aller jusqu&#8217;\u00e0 sugg\u00e9rer de conserver ou de r\u00e9employer les <em>ordinosaures,<\/em> et contrairement \u00e0 une id\u00e9e tr\u00e8s r\u00e9pandue, il est tout \u00e0 fait possible d&#8217;utiliser au quotidien une tour ou un ordinateur portable ayant plus de deux ou trois ans. Selon les marques et en fonction du soin qui a entour\u00e9 votre ordinateur, il est parfois possible de faire tenir une machine jusqu&#8217;\u00e0 10 ans et plus, pour surfer sur internet, \u00e9crire des mails et taper des lettres dans un logiciel de traitement de textes.<\/p>\n<p style=\"text-align: justify;\"><strong>Comment est-ce possible\u202f?<\/strong><\/p>\n<p style=\"text-align: justify;\">Il y a dans le monde de l&#8217;informatique deux composants indispensables\u202f: le mat\u00e9riel, et le logiciel. Depuis le d\u00e9veloppement de l&#8217;ordinateur personnel, le PC (<em>Personal Computer<\/em>), le logiciel a \u00e9t\u00e9 majoritairement li\u00e9 au mat\u00e9riel lors de la vente, comme s\u2019il n&#8217;\u00e9tait pas possible de le dissocier. La m\u00e9thode de vente du logiciel permettant d&#8217;utiliser l&#8217;ordinateur (le <a title=\"Le syst\u00e8me d'exploitation\" href=\"http:\/\/fr.wikipedia.org\/wiki\/Syst%C3%A8me_d%27exploitation\" target=\"_blank\" rel=\"noopener noreferrer\">syst\u00e8me d&#8217;exploitation<\/a> ou OS) en m\u00eame temps que la vente de l&#8217;ordinateur lui-m\u00eame, porte un nom\u202f: <strong>on parle de vente li\u00e9e<\/strong>.<\/p>\n<p style=\"text-align: justify;\">En m\u00eame temps que le ph\u00e9nom\u00e8ne de la vente li\u00e9e, un ph\u00e9nom\u00e8ne de surench\u00e8re sur la puissance requise et la puissance offerte s&#8217;est produit depuis le d\u00e9veloppement du PC. Tandis que les constructeurs mettaient sur le march\u00e9 des ordinateurs de plus en plus puissants, de leur c\u00f4t\u00e9 les principaux \u00e9diteurs de syst\u00e8mes d&#8217;exploitation vendaient des syst\u00e8mes de plus en plus exigeants en ressources, n\u00e9cessitant de r\u00e9investir r\u00e9guli\u00e8rement dans le mat\u00e9riel.<\/p>\n<p style=\"text-align: justify;\">\u00c0 ce moment vous me direz qu&#8217;il aurait suffit de ne pas accepter de suivre la loi du march\u00e9, et de garder son syst\u00e8me et son ordinateur, enfin, de r\u00e9sister au besoin d&#8217;acheter les nouveaut\u00e9s ?<\/p>\n<p style=\"text-align: justify;\">Ce serait sans compter avec un troisi\u00e8me facteur\u202f: le facteur s\u00e9curit\u00e9 ! L&#8217;obsolescence des syst\u00e8mes d&#8217;exploitation pour lesquels les \u00e9diteurs ne fournissent plus <em>de corrections de bogues<\/em> ni <em>de mises \u00e0 jour<\/em> repr\u00e9sente un risque pour la pr\u00e9servation des donn\u00e9es personnelles.<\/p>\n<p style=\"text-align: justify;\">Le fait qu&#8217;un syst\u00e8me d&#8217;exploitation, ou exactement une version de ce syst\u00e8me d&#8217;exploitation (par exemple, Windows XP) ne soit plus maintenu et mis \u00e0 jour induit donc une possible perte de capacit\u00e9 de fonctionnement de l&#8217;ensemble \u00e0 court ou \u00e0 moyen terme.<\/p>\n<p style=\"text-align: justify;\">Ce risque peut \u00eatre induit par exemple par l&#8217;apparition de nouveaux formats de fichiers et de nouvelles versions des logiciels faits pour traiter ces donn\u00e9es, lesquelles nouvelles versions ne fonctionneront pas sur un mat\u00e9riel et un syst\u00e8me d&#8217;exploitation d\u00e9pass\u00e9s, ou pour d&#8217;autres causes, par exemple une corruption caus\u00e9e par un programme malveillant dans une machine ne b\u00e9n\u00e9ficiant plus de mises \u00e0 jour de s\u00e9curit\u00e9. Jusqu&#8217;ici, il s&#8217;agit toujours des OS (<em>Operating Systems<\/em>, ou <a title=\"Syst\u00e8me d'exploitation\" href=\"http:\/\/fr.wikipedia.org\/wiki\/Syst%C3%A8me_d%27exploitation\" target=\"_blank\" rel=\"noopener noreferrer\">Syst\u00e8mes d&#8217;Exploitation<\/a>) vendus le plus couramment avec les ordinateurs.<\/p>\n<p style=\"margin-bottom: 0cm; text-align: justify;\">Vous en saurez plus en lisant l&#8217;article suivant, l<a title=\"Le syst\u00e8me GNU\" href=\"http:\/\/orditux.org\/aol\/2013\/06\/14\/le-systeme-gnu\/\">e Syst\u00e8me GNU<\/a>.<\/p>\n","protected":false},"excerpt":{"rendered":"<p><span class=\"span-reading-time rt-reading-time\" style=\"display: block;\"><span class=\"rt-label rt-prefix\">Temps de lecture\u00a0: <\/span> <span class=\"rt-time\"> 4<\/span> <span class=\"rt-label rt-postfix\">minutes<\/span><\/span>Notre soci\u00e9t\u00e9 moderne fait face \u00e0 deux gros probl\u00e8mes, lesquels ont pour noms \u00e9cologie et \u00e9conomie. Le sujet de ce billet porte sur les d\u00e9chets, en particulier informatiques et quelques r\u00e9flexions autour des ordinateurs. Nous pouvons r\u00e9duire les d\u00e9chets de diverses mani\u00e8res, pour \u00eatre moins polluants et pour \u00eatre plus \u00e9conomiques. Nous pouvons aussi les [&hellip;]<\/p>\n","protected":false},"author":1,"featured_media":0,"comment_status":"open","ping_status":"open","sticky":false,"template":"","format":"standard","meta":{"_s2mail":"","footnotes":""},"categories":[123],"tags":[75,79,77,76,78,71],"class_list":["post-151","post","type-post","status-publish","format-standard","hentry","category-environnement","tag-ariege-dechets","tag-dechets-informatiques","tag-ecologie","tag-economie","tag-ordinateurs","tag-reemploi-dordinateurs"],"jetpack_featured_media_url":"","_links":{"self":[{"href":"https:\/\/orditux.org\/aol\/wp-json\/wp\/v2\/posts\/151","targetHints":{"allow":["GET"]}}],"collection":[{"href":"https:\/\/orditux.org\/aol\/wp-json\/wp\/v2\/posts"}],"about":[{"href":"https:\/\/orditux.org\/aol\/wp-json\/wp\/v2\/types\/post"}],"author":[{"embeddable":true,"href":"https:\/\/orditux.org\/aol\/wp-json\/wp\/v2\/users\/1"}],"replies":[{"embeddable":true,"href":"https:\/\/orditux.org\/aol\/wp-json\/wp\/v2\/comments?post=151"}],"version-history":[{"count":1,"href":"https:\/\/orditux.org\/aol\/wp-json\/wp\/v2\/posts\/151\/revisions"}],"predecessor-version":[{"id":2779,"href":"https:\/\/orditux.org\/aol\/wp-json\/wp\/v2\/posts\/151\/revisions\/2779"}],"wp:attachment":[{"href":"https:\/\/orditux.org\/aol\/wp-json\/wp\/v2\/media?parent=151"}],"wp:term":[{"taxonomy":"category","embeddable":true,"href":"https:\/\/orditux.org\/aol\/wp-json\/wp\/v2\/categories?post=151"},{"taxonomy":"post_tag","embeddable":true,"href":"https:\/\/orditux.org\/aol\/wp-json\/wp\/v2\/tags?post=151"}],"curies":[{"name":"wp","href":"https:\/\/api.w.org\/{rel}","templated":true}]}}