{"id":1428,"date":"2020-03-12T07:00:51","date_gmt":"2020-03-12T05:00:51","guid":{"rendered":"https:\/\/orditux.org\/aol\/?p=1428"},"modified":"2026-02-03T22:43:54","modified_gmt":"2026-02-03T20:43:54","slug":"trois-pc-portables-reconditionnes-a-emporter-partout","status":"publish","type":"post","link":"https:\/\/orditux.org\/aol\/2020\/03\/12\/trois-pc-portables-reconditionnes-a-emporter-partout\/","title":{"rendered":"Trois PC portables reconditionn\u00e9s \u00e0 emporter partout"},"content":{"rendered":"<span class=\"span-reading-time rt-reading-time\" style=\"display: block;\"><span class=\"rt-label rt-prefix\">Temps de lecture\u00a0: <\/span> <span class=\"rt-time\"> 5<\/span> <span class=\"rt-label rt-postfix\">minutes<\/span><\/span><p style=\"text-align: justify;\">Orditux Informatique aime <a href=\"https:\/\/fr.wikipedia.org\/wiki\/%C3%89conomie_circulaire\">l&#8217;\u00e9conomie circulaire<\/a>. Pourquoi acheter dans la boutique du coin des ordinateurs neufs difficiles \u00e0 r\u00e9parer alors qu&#8217;il y a de bons fournisseurs qui r\u00e9cup\u00e8rent <span style=\"color: #ff9900;\">des ordinateurs de qualit\u00e9 professionnelle<\/span> issus d&#8217;autres entreprises, les reconditionnent et les garantissent ?<\/p>\n<p style=\"text-align: justify;\">Nos fournisseurs travaillent uniquement avec des professionnels, ils sont r\u00e9f\u00e9renc\u00e9s <a href=\"http:\/\/www.ordi3-0.fr\/\">http:\/\/www.ordi3-0.fr\/<\/a>, font partie des entreprises de l&#8217;ESS, et fournissent du travail \u00e0 des personnes en r\u00e9insertion.<\/p>\n<div id=\"attachment_1436\" class=\"wp-caption aligncenter\" style=\"width: 848px\"><img data-recalc-dims=\"1\" decoding=\"async\" class=\"wp-image-1436 size-full\" title=\"Ordinateurs d'occasion\" src=\"https:\/\/i0.wp.com\/orditux.org\/aol\/files\/2020\/03\/1-image.png?resize=646%2C340&#038;ssl=1\" alt=\"Ordinateurs d'occasion\" width=\"646\" height=\"340\" srcset=\"https:\/\/i0.wp.com\/orditux.org\/aol\/files\/2020\/03\/1-image.png?w=848&amp;ssl=1 848w, https:\/\/i0.wp.com\/orditux.org\/aol\/files\/2020\/03\/1-image.png?resize=300%2C158&amp;ssl=1 300w, https:\/\/i0.wp.com\/orditux.org\/aol\/files\/2020\/03\/1-image.png?resize=768%2C404&amp;ssl=1 768w, https:\/\/i0.wp.com\/orditux.org\/aol\/files\/2020\/03\/1-image.png?resize=24%2C13&amp;ssl=1 24w, https:\/\/i0.wp.com\/orditux.org\/aol\/files\/2020\/03\/1-image.png?resize=36%2C19&amp;ssl=1 36w, https:\/\/i0.wp.com\/orditux.org\/aol\/files\/2020\/03\/1-image.png?resize=48%2C25&amp;ssl=1 48w\" sizes=\"(max-width: 646px) 100vw, 646px\" \/><p class=\"wp-caption-text\">Ordinateurs d&#8217;occasion Image no contractuelle<\/p><\/div>\n<p style=\"text-align: justify;\">Nos fournisseurs proposent <span style=\"color: #ff9900;\">un tr\u00e8s grand choix<\/span> d&#8217;ordinateurs types PC portables comme les tablette pc, les ultra-portables et jusqu&#8217;aux mod\u00e8les 15.6 pouces, ainsi que les ordinateurs fixes petits, minis, et grands, des serveurs, des moniteurs, jusqu&#8217;aux 22&#8243; et 24&#8243;\u2026<\/p>\n<p style=\"text-align: justify;\">Faisons ensemble le pari d&#8217;une informatique<span style=\"color: #ff9900;\"> plus durable, et plus \u00e9conomique<\/span> !<\/p>\n<p style=\"text-align: justify;\">Apprenez-en plus sur nos valeurs, ici : <a href=\"https:\/\/orditux.org\/nos-valeurs\/\">https:\/\/orditux.org\/nos-valeurs\/<\/a>.<\/p>\n<div id=\"attachment_1437\" class=\"wp-caption aligncenter\" style=\"width: 300px\"><img data-recalc-dims=\"1\" decoding=\"async\" class=\"wp-image-1437 size-medium\" src=\"https:\/\/i0.wp.com\/orditux.org\/aol\/files\/2020\/03\/2-image.png?resize=300%2C180&#038;ssl=1\" alt=\"Ordinateurs d'occasion\" width=\"300\" height=\"180\" srcset=\"https:\/\/i0.wp.com\/orditux.org\/aol\/files\/2020\/03\/2-image.png?resize=300%2C180&amp;ssl=1 300w, https:\/\/i0.wp.com\/orditux.org\/aol\/files\/2020\/03\/2-image.png?resize=24%2C14&amp;ssl=1 24w, https:\/\/i0.wp.com\/orditux.org\/aol\/files\/2020\/03\/2-image.png?resize=36%2C22&amp;ssl=1 36w, https:\/\/i0.wp.com\/orditux.org\/aol\/files\/2020\/03\/2-image.png?resize=48%2C29&amp;ssl=1 48w, https:\/\/i0.wp.com\/orditux.org\/aol\/files\/2020\/03\/2-image.png?w=738&amp;ssl=1 738w\" sizes=\"(max-width: 300px) 100vw, 300px\" \/><p class=\"wp-caption-text\">Ordinateurs d&#8217;occasion Image non contractuelle<\/p><\/div>\n<p style=\"padding-left: 40px; text-align: justify;\">La qualit\u00e9, les prix, le service, vous sont apport\u00e9s par l\u2019<a href=\"https:\/\/orditux.org\/contact\">Atelier Orditux Informatique<\/a> situ\u00e9 pr\u00e8s de Pamiers (Ari\u00e8ge). (L&#8217;atelier a \u00e9t\u00e9 en boutique au centre de Pamiers jusqu&#8217;en 2023).<\/p>\n<p style=\"text-align: justify;\">Visitez notre Livre d&#8217;Or o\u00f9 vous pourrez lire les t\u00e9moignages de nos clients : <a href=\"https:\/\/orditux.org\/livre-dor\/\">https:\/\/orditux.org\/livre-dor\/<\/a><\/p>\n<p style=\"text-align: justify;\"><strong>Vos avantages<\/strong> : vous achetez des ordinateurs<span style=\"color: #ff9900;\"> de gamme professionnelle<\/span> issus des entreprises enti\u00e8rement contr\u00f4l\u00e9s r\u00e9vis\u00e9s et remis \u00e0 neuf.<\/p>\n<ul style=\"text-align: justify;\">\n<li>Vous achetez des ordinateurs puissants et totalement fonctionnels ;<\/li>\n<li>Vous faites des \u00e9conomies\u00a0;<\/li>\n<li>Vous participez \u00e0 <a href=\"https:\/\/fr.wikipedia.org\/wiki\/%C3%89conomie_circulaire\" target=\"_blank\" rel=\"noopener noreferrer\" name=\"D\u00e9finition \u00e9conomie circulaire\">l\u2019\u00e9conomie circulaire<\/a>.<\/li>\n<\/ul>\n<p style=\"text-align: justify;\">Depuis 2018 jusqu&#8217;\u00e0 un peu plus t\u00f4t cette ann\u00e9e, Orditux Informatique a ainsi fourni \u00e0 une client\u00e8le d&#8217;\u00e2ges vari\u00e9s plusieurs de ces mod\u00e8les, garantis 6 mois pour la plupart.<\/p>\n<p style=\"text-align: justify;\">Il y a eu des Lenovo Thinkpad x230, c&#8217;est un petit portable de 1,3 kilos environs, il y a eu un Dell r\u00e9tro \u00e9clair\u00e9, un HP de grande taille\u2026<\/p>\n<p style=\"text-align: justify;\">Ces ordinateurs ont tous un point commun, c&#8217;est leur qualit\u00e9 qui assure leur long\u00e9vit\u00e9, le m\u00eame niveau de qualit\u00e9 qui permet en cas de besoin de trouver des pi\u00e8ces de rechange sur le march\u00e9 du neuf et de l&#8217;occasion, et de les changer facilement.<\/p>\n<p style=\"text-align: justify;\">Cela me rappelle une fois o\u00f9 un ami m&#8217;avait demand\u00e9 de lui fournir un pc portable pour remplacer le sien qui avait l\u00e2ch\u00e9. J&#8217;en avais un que je pouvais c\u00e9der, un Lenovo Thinkpad mod\u00e8le T60.<\/p>\n<p style=\"text-align: justify;\">Aujourd&#8217;hui \u00e7a peut sembler d\u00e9pass\u00e9 mais il \u00e9tait totalement fonctionnel et en bon \u00e9tat.<\/p>\n<p style=\"text-align: justify;\">Les touches du clavier commen\u00e7aient \u00e0 s&#8217;user, je l&#8217;avais chang\u00e9 apr\u00e8s en avoir achet\u00e9 sur Internet.<\/p>\n<p style=\"text-align: justify;\">Ce Thinkpad T60 \u00e9tait \u00e9quip\u00e9 avec un ancien processeur 32bits, mais il \u00e9tait compatible pour un 64bits, alors j&#8217;en ai achet\u00e9 un, qui a d\u00fb co\u00fbter 15,00 euros environ, j&#8217;ai d\u00e9mont\u00e9 l&#8217;ordinateur, et chang\u00e9 le processeur, ce qui lui a donn\u00e9 plus de puissance. Puis, j&#8217;ai vendu ce PC portable \u00e0 cet ami qui l&#8217;a toujours et l&#8217;utilise r\u00e9guli\u00e8rement.<\/p>\n<p style=\"text-align: justify;\">Je vous pr\u00e9sente aujourd&#8217;hui <span style=\"color: #339966;\">3 ordinateurs portables<\/span> sp\u00e9cialement <span style=\"color: #339966;\">d\u00e9di\u00e9s \u00e0 la mobilit\u00e9<\/span> pouvant \u00eatre livr\u00e9s tels quels avec les tarifs annonc\u00e9s ou adapt\u00e9s par nos soins. (Migration de donn\u00e9es, mise \u00e0 jour syst\u00e8me, installation d&#8217;un autre syst\u00e8me compatible de votre choix, par exemple, co\u00fbt suppl\u00e9mentaire selon notre grille tarifaire). Les prix annonc\u00e9s sont valables au 12 mars 2020, dans la limite des articles disponibles chez le fournisseur.<\/p>\n<p style=\"text-align: justify;\">En cas de non disponibilit\u00e9 un choix proche en qualit\u00e9 et en prix vous sera propos\u00e9.<\/p>\n<h2 style=\"text-align: justify;\">Un mod\u00e8le haut de gamme<\/h2>\n<h3 style=\"padding-left: 40px; text-align: justify;\"><b>HP Elite X2 1012 G1<\/b><\/h3>\n<p style=\"padding-left: 40px; text-align: justify;\">Puissance, l\u00e9g\u00e8ret\u00e9, confort, dimension r\u00e9duite, parfait pour les d\u00e9placements fr\u00e9quents, il offre un confort d\u2019utilisation tr\u00e8s sup\u00e9rieur aux smartphones, tout en restant tr\u00e8s l\u00e9ger, <span style=\"color: #339966;\">800 grammes<\/span> seulement\u00a0!<\/p>\n<div id=\"attachment_1429\" class=\"wp-caption aligncenter\" style=\"width: 403px\"><img data-recalc-dims=\"1\" decoding=\"async\" class=\"wp-image-1429 size-full\" title=\"HP Elite X2 1012 G1 reconditionn\u00e9\" src=\"https:\/\/i0.wp.com\/orditux.org\/aol\/files\/2020\/03\/HP-Elite-X2-1012-G1-puissance-l%C3%A9g%C3%A8ret%C3%A9-confort-r%C3%A9duit.png?resize=403%2C165&#038;ssl=1\" alt=\"HP Elite X2 1012 G1 reconditionn\u00e9\" width=\"403\" height=\"165\" srcset=\"https:\/\/i0.wp.com\/orditux.org\/aol\/files\/2020\/03\/HP-Elite-X2-1012-G1-puissance-l%C3%A9g%C3%A8ret%C3%A9-confort-r%C3%A9duit.png?w=403&amp;ssl=1 403w, https:\/\/i0.wp.com\/orditux.org\/aol\/files\/2020\/03\/HP-Elite-X2-1012-G1-puissance-l%C3%A9g%C3%A8ret%C3%A9-confort-r%C3%A9duit.png?resize=300%2C123&amp;ssl=1 300w, https:\/\/i0.wp.com\/orditux.org\/aol\/files\/2020\/03\/HP-Elite-X2-1012-G1-puissance-l%C3%A9g%C3%A8ret%C3%A9-confort-r%C3%A9duit.png?resize=24%2C10&amp;ssl=1 24w, https:\/\/i0.wp.com\/orditux.org\/aol\/files\/2020\/03\/HP-Elite-X2-1012-G1-puissance-l%C3%A9g%C3%A8ret%C3%A9-confort-r%C3%A9duit.png?resize=36%2C15&amp;ssl=1 36w, https:\/\/i0.wp.com\/orditux.org\/aol\/files\/2020\/03\/HP-Elite-X2-1012-G1-puissance-l%C3%A9g%C3%A8ret%C3%A9-confort-r%C3%A9duit.png?resize=48%2C20&amp;ssl=1 48w\" sizes=\"(max-width: 403px) 100vw, 403px\" \/><p class=\"wp-caption-text\">HP Elite X2 1012 G1 reconditionn\u00e9<\/p><\/div>\n<p style=\"padding-left: 40px; text-align: justify;\">Il est <strong>garanti 6 mois<\/strong> par notre fournisseur. Disponible actuellement sur commande, sous r\u00e9serve de disponibilit\u00e9, (les meilleurs mod\u00e8les partent tr\u00e8s vite!)<\/p>\n<h2 style=\"text-align: justify;\"><span style=\"text-decoration: underline;\"><span style=\"color: #008000; text-decoration: underline;\">CARACT\u00c9RISTIQUES<\/span><\/span><\/h2>\n<ul style=\"text-align: justify;\">\n<li style=\"list-style-type: none;\">\n<ul>\n<li style=\"list-style-type: none;\">\n<ul>\n<li style=\"list-style-type: none;\">\n<ul>\n<li>\u00e9cran <b>10.1\u2019\u2019<\/b> LED \u2013 <b>Poids <\/b><b>8<\/b><b>00 grammes<\/b><\/li>\n<li>M\u00e9moire syst\u00e8me : 8 Go<\/li>\n<li><b>Stockage SSD <\/b><b>256<\/b><b> GB<\/b><\/li>\n<li>Vid\u00e9o HD 515<\/li>\n<li>Processeur M5-6Y54 6e gen. Intel\u00ae Core\u2122 M,<\/li>\n<li><b>2 c\u0153urs, 4 threads, de 1,10 GHz \u00e0 2,70 GHz<\/b><\/li>\n<li><b>Clavier r\u00e9tro\u00e9clair\u00e9<\/b>, tr\u00e8s agr\u00e9able lorsque la lumi\u00e8re ambiante est r\u00e9duite.<\/li>\n<li>Syst\u00e8me Windows 10 64bits<\/li>\n<\/ul>\n<\/li>\n<\/ul>\n<\/li>\n<\/ul>\n<\/li>\n<\/ul>\n<p style=\"padding-left: 40px; text-align: justify;\">Le prix en <strong>grade A<\/strong>, r\u00e9vis\u00e9 et <strong>garanti 6 mois<\/strong>, <span style=\"color: #ff6600;\"><b>833<\/b><b>,00 \u20ac TTC<\/b><\/span>. <span style=\"font-size: small;\">(Dernier prix en neuf affich\u00e9 chez materiel.net 1299,95 \u20ac). <\/span><\/p>\n<h2 style=\"text-align: justify;\">Gamme moyenne<\/h2>\n<h3 style=\"padding-left: 40px; text-align: justify;\"><b>Dell Latitude Ultrabook E<\/b><b>7250<\/b><\/h3>\n<p style=\"padding-left: 40px; text-align: justify;\">parfait pour les d\u00e9placements r\u00e9guliers ou occasionnels, il offre un grand confort d\u2019utilisation avec son \u00e9cran 12.5\u201d LED, son r\u00e9tro \u00e9clairage. Peu encombrant mais puissant, il p\u00e8se <span style=\"color: #339966;\">1.5 Kg<\/span>.<\/p>\n<div id=\"attachment_1430\" class=\"wp-caption aligncenter\" style=\"width: 479px\"><img data-recalc-dims=\"1\" decoding=\"async\" class=\"wp-image-1430 size-full\" title=\"Dell E7250 12.5\u201d reconditionn\u00e9\" src=\"https:\/\/i0.wp.com\/orditux.org\/aol\/files\/2020\/03\/dell_e7250_new-12.5pouces.jpg?resize=479%2C219&#038;ssl=1\" alt=\"Dell E7250 12.5\u201d recondtionn\u00e9\" width=\"479\" height=\"219\" srcset=\"https:\/\/i0.wp.com\/orditux.org\/aol\/files\/2020\/03\/dell_e7250_new-12.5pouces.jpg?w=479&amp;ssl=1 479w, https:\/\/i0.wp.com\/orditux.org\/aol\/files\/2020\/03\/dell_e7250_new-12.5pouces.jpg?resize=300%2C137&amp;ssl=1 300w, https:\/\/i0.wp.com\/orditux.org\/aol\/files\/2020\/03\/dell_e7250_new-12.5pouces.jpg?resize=24%2C11&amp;ssl=1 24w, https:\/\/i0.wp.com\/orditux.org\/aol\/files\/2020\/03\/dell_e7250_new-12.5pouces.jpg?resize=36%2C16&amp;ssl=1 36w, https:\/\/i0.wp.com\/orditux.org\/aol\/files\/2020\/03\/dell_e7250_new-12.5pouces.jpg?resize=48%2C22&amp;ssl=1 48w\" sizes=\"(max-width: 479px) 100vw, 479px\" \/><p class=\"wp-caption-text\">Dell E7250 12.5\u201d reconditionn\u00e9<\/p><\/div>\n<h2 style=\"text-align: justify;\"><span style=\"text-decoration: underline;\"><span style=\"color: #008000; text-decoration: underline;\">CARACT\u00c9RISTIQUES<\/span><\/span><\/h2>\n<ul style=\"text-align: justify;\">\n<li style=\"list-style-type: none;\">\n<ul>\n<li style=\"list-style-type: none;\">\n<ul>\n<li style=\"list-style-type: none;\">\n<ul>\n<li>\u00c9cran <b>12.5<\/b><b>\u2019\u2019 LED<\/b> \u2013 <b>Poids <\/b><b>1.5 Kg<\/b><\/li>\n<li>M\u00e9moire syst\u00e8me : 8 Go<\/li>\n<li><b>Stockage SSD <\/b><b>128<\/b><b> GB<\/b><\/li>\n<li>Vid\u00e9o Intel HD 5500<\/li>\n<li>Processeur i5-5300U<\/li>\n<li><b>2<\/b><b> c\u0153urs <\/b><b>4 threads <\/b><b>de <\/b><b>2<\/b><b>,<\/b><b>3<\/b><b> Ghz \u00e0 2,<\/b><b>9<\/b><b> Ghz<\/b>, 3 MB Cache L2<\/li>\n<li>Syst\u00e8me Windows 8.1 Pro 64bits<\/li>\n<\/ul>\n<\/li>\n<\/ul>\n<\/li>\n<\/ul>\n<\/li>\n<\/ul>\n<p style=\"padding-left: 40px; text-align: justify;\">Son prix en <strong>grade \u201cA-\u201d<\/strong> r\u00e9vis\u00e9 et <strong>garanti 6 mois<\/strong>, <span style=\"color: #ff6600;\">360,00 \u20ac TTC<\/span>.<\/p>\n<h2 style=\"text-align: justify;\">Un poids plume<\/h2>\n<h3 style=\"padding-left: 40px; text-align: justify;\"><b>Lenovo Thinkpad 10<\/b><\/h3>\n<p style=\"padding-left: 40px; text-align: justify;\">avec sa housse mobilis ile est parfait pour les d\u00e9placements fr\u00e9quents, il offre un confort d\u2019utilisation tr\u00e8s sup\u00e9rieur aux smartphones, tout en restant tr\u00e8s l\u00e9ger, <span style=\"color: #339966;\">600 grammes<\/span> seulement !<\/p>\n<div id=\"attachment_1431\" class=\"wp-caption aligncenter\" style=\"width: 390px\"><img data-recalc-dims=\"1\" decoding=\"async\" class=\"wp-image-1431 size-full\" title=\"Lenovo Thinpad 10.1&quot; reconditionn\u00e9\" src=\"https:\/\/i0.wp.com\/orditux.org\/aol\/files\/2020\/03\/Lenovo-thinkpad-10.png?resize=390%2C143&#038;ssl=1\" alt=\"Lenovo Thinkpad 10.1\u201d reconditionn\u00e9\" width=\"390\" height=\"143\" srcset=\"https:\/\/i0.wp.com\/orditux.org\/aol\/files\/2020\/03\/Lenovo-thinkpad-10.png?w=390&amp;ssl=1 390w, https:\/\/i0.wp.com\/orditux.org\/aol\/files\/2020\/03\/Lenovo-thinkpad-10.png?resize=300%2C110&amp;ssl=1 300w, https:\/\/i0.wp.com\/orditux.org\/aol\/files\/2020\/03\/Lenovo-thinkpad-10.png?resize=24%2C9&amp;ssl=1 24w, https:\/\/i0.wp.com\/orditux.org\/aol\/files\/2020\/03\/Lenovo-thinkpad-10.png?resize=36%2C13&amp;ssl=1 36w, https:\/\/i0.wp.com\/orditux.org\/aol\/files\/2020\/03\/Lenovo-thinkpad-10.png?resize=48%2C18&amp;ssl=1 48w\" sizes=\"(max-width: 390px) 100vw, 390px\" \/><p class=\"wp-caption-text\">Lenovo Thinpad 10.1&#8243; reconditionn\u00e9<\/p><\/div>\n<h2 style=\"text-align: justify;\"><span style=\"text-decoration: underline;\"><span style=\"color: #008000; text-decoration: underline;\">CARACT\u00c9RISTIQUES<\/span><\/span><\/h2>\n<ul style=\"text-align: justify;\">\n<li style=\"list-style-type: none;\">\n<ul>\n<li style=\"list-style-type: none;\">\n<ul>\n<li style=\"list-style-type: none;\">\n<ul>\n<li>\u00e9cran <b>10.1\u2019\u2019 LED<\/b> \u2013 <b>Poids 600 grammes<\/b><\/li>\n<li>M\u00e9moire syst\u00e8me : 4 Go<\/li>\n<li><b>Stockage SSD 64 GB<\/b><\/li>\n<li>Vid\u00e9o Intel HD<\/li>\n<li>Processeur Z3795\u00a0: Processeur Intel Atom\u00ae s\u00e9rie Z,<\/li>\n<li><b>4 c\u0153urs de 1,59 Ghz \u00e0 2,39 Ghz<\/b>, 2 MB Cache L2<\/li>\n<li>Syst\u00e8me Windows 8<\/li>\n<\/ul>\n<\/li>\n<\/ul>\n<\/li>\n<\/ul>\n<\/li>\n<\/ul>\n<p style=\"padding-left: 40px; text-align: justify;\">Le prix en <strong>grade A<\/strong>, r\u00e9vis\u00e9 et <strong>garanti 6 mois, <\/strong><span style=\"color: #ff6600;\">195,00 \u20ac TTC<\/span>.<\/p>\n<p style=\"text-align: justify;\">Nous pouvons aussi fournir des PC portables reconditionn\u00e9s de 13\u201d \u00e0 14\u201d, des 15.6\u201d, avec ou sans graveur, avec ou sans pav\u00e9 num\u00e9rique, ainsi que des ordinateurs fixes et m\u00eame des serveurs. <strong>Tous les mod\u00e8les sont disponibles sur commande et livr\u00e9s en quelques jours<\/strong>.<\/p>\n<p style=\"text-align: justify;\">Vous avez des questions ? Nous avons des r\u00e9ponses, <strong><a href=\"https:\/\/orditux.org\/contact\/\">contactez-nous<\/a><\/strong>\u00a0!<\/p>\n<p style=\"text-align: justify;\">\n","protected":false},"excerpt":{"rendered":"<p><span class=\"span-reading-time rt-reading-time\" style=\"display: block;\"><span class=\"rt-label rt-prefix\">Temps de lecture\u00a0: <\/span> <span class=\"rt-time\"> 5<\/span> <span class=\"rt-label rt-postfix\">minutes<\/span><\/span>Orditux Informatique aime l&#8217;\u00e9conomie circulaire. Pourquoi acheter dans la boutique du coin des ordinateurs neufs difficiles \u00e0 r\u00e9parer alors qu&#8217;il y a de bons fournisseurs qui r\u00e9cup\u00e8rent des ordinateurs de qualit\u00e9 professionnelle issus d&#8217;autres entreprises, les reconditionnent et les garantissent ? Nos fournisseurs travaillent uniquement avec des professionnels, ils sont r\u00e9f\u00e9renc\u00e9s http:\/\/www.ordi3-0.fr\/, font partie des [&hellip;]<\/p>\n","protected":false},"author":1,"featured_media":0,"comment_status":"open","ping_status":"open","sticky":false,"template":"","format":"standard","meta":{"_s2mail":"","footnotes":""},"categories":[129],"tags":[76,127,128,126,124,125],"class_list":["post-1428","post","type-post","status-publish","format-standard","hentry","category-economie-circulaire","tag-economie","tag-pc","tag-portables","tag-professionnel","tag-reconditionne","tag-reemploi"],"jetpack_featured_media_url":"","_links":{"self":[{"href":"https:\/\/orditux.org\/aol\/wp-json\/wp\/v2\/posts\/1428","targetHints":{"allow":["GET"]}}],"collection":[{"href":"https:\/\/orditux.org\/aol\/wp-json\/wp\/v2\/posts"}],"about":[{"href":"https:\/\/orditux.org\/aol\/wp-json\/wp\/v2\/types\/post"}],"author":[{"embeddable":true,"href":"https:\/\/orditux.org\/aol\/wp-json\/wp\/v2\/users\/1"}],"replies":[{"embeddable":true,"href":"https:\/\/orditux.org\/aol\/wp-json\/wp\/v2\/comments?post=1428"}],"version-history":[{"count":10,"href":"https:\/\/orditux.org\/aol\/wp-json\/wp\/v2\/posts\/1428\/revisions"}],"predecessor-version":[{"id":2863,"href":"https:\/\/orditux.org\/aol\/wp-json\/wp\/v2\/posts\/1428\/revisions\/2863"}],"wp:attachment":[{"href":"https:\/\/orditux.org\/aol\/wp-json\/wp\/v2\/media?parent=1428"}],"wp:term":[{"taxonomy":"category","embeddable":true,"href":"https:\/\/orditux.org\/aol\/wp-json\/wp\/v2\/categories?post=1428"},{"taxonomy":"post_tag","embeddable":true,"href":"https:\/\/orditux.org\/aol\/wp-json\/wp\/v2\/tags?post=1428"}],"curies":[{"name":"wp","href":"https:\/\/api.w.org\/{rel}","templated":true}]}}