{"id":14,"date":"2012-03-15T21:52:33","date_gmt":"2012-03-15T19:52:33","guid":{"rendered":"http:\/\/orditux.org\/aol\/?p=14"},"modified":"2026-02-03T20:53:05","modified_gmt":"2026-02-03T18:53:05","slug":"libre-en-fete-en-ariege","status":"publish","type":"post","link":"https:\/\/orditux.org\/aol\/2012\/03\/15\/libre-en-fete-en-ariege\/","title":{"rendered":"Libre en F\u00eate en Ari\u00e8ge"},"content":{"rendered":"<span class=\"span-reading-time rt-reading-time\" style=\"display: block;\"><span class=\"rt-label rt-prefix\">Temps de lecture\u00a0: <\/span> <span class=\"rt-time\"> 2<\/span> <span class=\"rt-label rt-postfix\">minutes<\/span><\/span><p style=\"text-align: justify;\">\u00c0 l&#8217;occasion de l&#8217;\u00e9v\u00e9nement annuel <a title=\"Libre en F\u00eate\" href=\"http:\/\/www.libre-en-fete.net\/\" target=\"_blank\" rel=\"noopener\">le Libre en f\u00eate<\/a>, le Samedi 31 Mars 2012 de 10h00 \u00e0 17h00, nous animerons une journ\u00e9e de rencontre autour des Logiciels libres.<\/p>\n<p style=\"text-align: justify;\">Nous installerons plusieurs ordinateurs avec des syst\u00e8mes GNU\/Linux, dans la salle de la r\u00e9sidence du centre Leo Lagrange situ\u00e9e rue d&#8217;Albret \u00e0 l&#8217;angle de la rue de la Coudre, o\u00f9 nous pourrons disposer d&#8217;une connexion Internet.<\/p>\n<p style=\"text-align: justify;\"><a  href=\"https:\/\/i0.wp.com\/orditux.org\/wp-content\/uploads\/2012\/03\/plan-foix2.png\" data-rel=\"lightbox-gallery-0\" data-rl_title=\"\" data-rl_caption=\"\" data-imagelightbox=\"0\"><img data-recalc-dims=\"1\" decoding=\"async\" class=\"aligncenter size-medium wp-image-455\" title=\"\" src=\"https:\/\/i0.wp.com\/orditux.org\/wp-content\/uploads\/2012\/03\/plan-foix2-265x300.png?resize=265%2C300\" alt=\"Rencontre Logiciels libres\" width=\"265\" height=\"300\" \/><\/a><\/p>\n<p style=\"text-align: justify;\">Chacun pourra venir avec son CD ou sa cl\u00e9 USB, et repartir avec un ou plusieurs<br \/>\nsyst\u00e8mes d&#8217;exploitations GNU\/Linux complets.<\/p>\n<p style=\"text-align: justify;\">Le but est de faire d\u00e9couvrir \u00e0 tous le monde du libre et tout ce qu&#8217;il peut apporter \u00e0<br \/>\nchacun, ce qui inclus les syst\u00e8mes d&#8217;exploitation GNU\/Linux, les arts libres,<br \/>\n(copyleft), la musique libre&#8230;<\/p>\n<p style=\"text-align: justify;\">Le fondateur des logiciels libres est un contemporain nomm\u00e9 Richard Mathiew Stallman, qui anime toujours de nombreuses conf\u00e9rences dans le monde, sur les logiciels libres.<\/p>\n<p style=\"text-align: justify;\"><a title=\"Pr\u00e9sentation de Richard Stallman sur Wikip\u00e9dia\" href=\"http:\/\/fr.wikipedia.org\/wiki\/Richard_Stallman\" target=\"_blank\" rel=\"noopener\">http:\/\/fr.wikipedia.org\/wiki\/Richard_Stallman<\/a><\/p>\n<p style=\"text-align: justify;\">Tout d\u00e9marre avec une imprimante&#8230;<\/p>\n<blockquote><p>Tout bascule au d\u00e9but des ann\u00e9es 1980. Lorsque l\u2019imprimante Xerox de son laboratoire se met \u00e0 avoir des soucis de bourrage, il d\u00e9cide d\u2019am\u00e9liorer le pilote existant afin de r\u00e9gler le probl\u00e8me. Il est alors surpris de voir que celui-ci est uniquement disponible sous la forme d\u2019un binaire, le code source en est inaccessible et personne ne veut le lui fournir. Il comprend que l\u2019\u00e9thique du hacker est en train de dispara\u00eetre et qu\u2019il faut agir. C&#8217;est ce qui explique en partie la conception du projet GNU quelques mois plus tard<br \/>\napr\u00e8s un message publi\u00e9 sur Usenet.<\/p><\/blockquote>\n<p style=\"text-align: justify;\">Cr\u00e9ation d&#8217;une association:<br \/>\nIl n&#8217;y a pas d&#8217;association d&#8217;utilisateurs de logiciels libres en Ari\u00e8ge actuellement. Nous profiterons de cette journ\u00e9e de rencontre pour parler avec des personnes pouvant \u00eatre int\u00e9ress\u00e9es d&#8217;un projet de cr\u00e9ation d&#8217;une association d\u00e9di\u00e9e \u00e0 la promotion du libre dans le d\u00e9partement.<\/p>\n<p style=\"text-align: justify;\">Cette association se donnera alors pour but de promouvoir les logiciels libres et d&#8217;organiser des rencontres \u00e0 intervalles r\u00e9guliers afin d&#8217;aider les nouveaux venus \u00e0 installer et apprendre \u00e0 utiliser des syst\u00e8mes d&#8217;exploitation GNU\/Linux.<\/p>\n<p style=\"text-align: justify;\">\n","protected":false},"excerpt":{"rendered":"<p><span class=\"span-reading-time rt-reading-time\" style=\"display: block;\"><span class=\"rt-label rt-prefix\">Temps de lecture\u00a0: <\/span> <span class=\"rt-time\"> 2<\/span> <span class=\"rt-label rt-postfix\">minutes<\/span><\/span>\u00c0 l&#8217;occasion de l&#8217;\u00e9v\u00e9nement annuel le Libre en f\u00eate, le Samedi 31 Mars 2012 de 10h00 \u00e0 17h00, nous animerons une journ\u00e9e de rencontre autour des Logiciels libres. Nous installerons plusieurs ordinateurs avec des syst\u00e8mes GNU\/Linux, dans la salle de la r\u00e9sidence du centre Leo Lagrange situ\u00e9e rue d&#8217;Albret \u00e0 l&#8217;angle de la rue de [&hellip;]<\/p>\n","protected":false},"author":1,"featured_media":0,"comment_status":"open","ping_status":"open","sticky":false,"template":"","format":"standard","meta":{"_s2mail":"","footnotes":""},"categories":[9,4,17],"tags":[8,7,6,5],"class_list":["post-14","post","type-post","status-publish","format-standard","hentry","category-internet-en-ariege","category-logiciels-libres","category-societe","tag-ariege","tag-foix","tag-libre-en-fete","tag-logiciels-libres-2"],"jetpack_featured_media_url":"","_links":{"self":[{"href":"https:\/\/orditux.org\/aol\/wp-json\/wp\/v2\/posts\/14","targetHints":{"allow":["GET"]}}],"collection":[{"href":"https:\/\/orditux.org\/aol\/wp-json\/wp\/v2\/posts"}],"about":[{"href":"https:\/\/orditux.org\/aol\/wp-json\/wp\/v2\/types\/post"}],"author":[{"embeddable":true,"href":"https:\/\/orditux.org\/aol\/wp-json\/wp\/v2\/users\/1"}],"replies":[{"embeddable":true,"href":"https:\/\/orditux.org\/aol\/wp-json\/wp\/v2\/comments?post=14"}],"version-history":[{"count":1,"href":"https:\/\/orditux.org\/aol\/wp-json\/wp\/v2\/posts\/14\/revisions"}],"predecessor-version":[{"id":2758,"href":"https:\/\/orditux.org\/aol\/wp-json\/wp\/v2\/posts\/14\/revisions\/2758"}],"wp:attachment":[{"href":"https:\/\/orditux.org\/aol\/wp-json\/wp\/v2\/media?parent=14"}],"wp:term":[{"taxonomy":"category","embeddable":true,"href":"https:\/\/orditux.org\/aol\/wp-json\/wp\/v2\/categories?post=14"},{"taxonomy":"post_tag","embeddable":true,"href":"https:\/\/orditux.org\/aol\/wp-json\/wp\/v2\/tags?post=14"}],"curies":[{"name":"wp","href":"https:\/\/api.w.org\/{rel}","templated":true}]}}