{"id":133,"date":"2013-06-12T16:43:13","date_gmt":"2013-06-12T14:43:13","guid":{"rendered":"http:\/\/orditux.org\/aol\/?p=133"},"modified":"2026-02-03T21:08:10","modified_gmt":"2026-02-03T19:08:10","slug":"a-quand-des-transports-pour-tous-en-ariege","status":"publish","type":"post","link":"https:\/\/orditux.org\/aol\/2013\/06\/12\/a-quand-des-transports-pour-tous-en-ariege\/","title":{"rendered":"\u00c0 quand des transports pour tous en Ari\u00e8ge ?"},"content":{"rendered":"<span class=\"span-reading-time rt-reading-time\" style=\"display: block;\"><span class=\"rt-label rt-prefix\">Temps de lecture\u00a0: <\/span> <span class=\"rt-time\"> 2<\/span> <span class=\"rt-label rt-postfix\">minutes<\/span><\/span><p style=\"text-align: justify;\">Alors que d&#8217;autres r\u00e9gions d\u00e9veloppent <a title=\"SMTC Clermontois\" href=\"http:\/\/www.smtc-clermont-agglo.fr\" target=\"_blank\" rel=\"noopener\">des offres de transports<\/a> pour tous, l&#8217;Ari\u00e8ge reste sur des offres plus que minimalistes. Une recherche sur internet nous am\u00e8ne rapidement sur le blog de <em>La Dormeuse<\/em> o\u00f9 elle relate en d\u00e9tail ses exp\u00e9riences comme usag\u00e8re.<\/p>\n<p style=\"text-align: justify;\">Son article, <a title=\"Ari\u00e8ge, marche \u00e0 pied et bus malcommodes\" href=\"http:\/\/belcikowski.org\/ladormeuseblogue\/?p=639\" target=\"_blank\" rel=\"noopener\">Ari\u00e8ge, marche \u00e0 pied et bus malcommodes<\/a> qui date de 2008, est encore d&#8217;actualit\u00e9 aujourd&#8217;hui au milieu de l&#8217;ann\u00e9e 2013, soit 5 ans plus tard.<\/p>\n<p style=\"text-align: justify;\">Extrait:<\/p>\n<blockquote><p>Toujours adepte du <em>No voiture<\/em>, je tente de survivre dans la vall\u00e9e du Douctouyre. Le <em>No voiture<\/em>, pour moi, c\u2019est un choix de vie, une sorte de luxe aussi : j\u2019ai des jambes, je suis libre de mon temps ; je peux donc marcher \u00e0 pied, et, le cas \u00e9ch\u00e9ant, marcher ainsi jusqu\u2019\u00e0 la station de bus : elle se trouve \u00e0 3 km de mon village.<\/p><\/blockquote>\n<p style=\"text-align: justify;\">Ensuite, son r\u00e9cit est celui d&#8217;un parcours insens\u00e9 pour pouvoir se servir effectivement d&#8217;un transport en commun. Comme chacun le sait, c&#8217;est suppos\u00e9 \u00eatre un moyen de d\u00e9placement \u00e9conomique, potentiellement moins polluant que la voiture individuelle, et dans l&#8217;id\u00e9al cela devrait \u00eatre pratique.<\/p>\n<p style=\"text-align: justify;\">Dans l&#8217;exp\u00e9rience sur le terrain qu&#8217;a men\u00e9e la blogueuse, on peut suivre le d\u00e9roulement de p\u00e9rip\u00e9ties qui seraient dignes d&#8217;\u00eatre repr\u00e9sent\u00e9es au th\u00e9\u00e2tre comique. Les bus scolaires sont annonc\u00e9s par le Conseil G\u00e9n\u00e9ral comme pouvant prendre d&#8217;autres passagers, \u00abs&#8217;il y a de la place\u00bb, un chauffeur de bus lui refuse le passage et lui annonce un autre bus devant passer 5 minutes plus tard et qui arrive 25 minutes plus tard, les emplacements des arr\u00eats sont loin des habitations, etc\u2026<\/p>\n<p style=\"text-align: justify;\">Ce n&#8217;est qu&#8217;un exemple, saisissant mais pas isol\u00e9, de l&#8217;\u00e9tat des transports dans le d\u00e9partement.<\/p>\n<p style=\"text-align: justify;\">D&#8217;autres r\u00e9sultats de recherches pourront faire sourire, essayez les termes suivants : \u00abtransports mirapiciens\u00bb, \u00abtransports appam\u00e9ens\u00bb, \u00abtransports fux\u00e9ens. Transports appam\u00e9ens m&#8217;a men\u00e9e \u00e0 la d\u00e9couverte d&#8217;un article de La Depeche, \u00ab<a title=\"Pamiers Navettes Une nouvelle ligne gare centre ville\" href=\"http:\/\/www.ladepeche.fr\/article\/2013\/03\/01\/1572566-pamiers-navettes-une-nouvelle-ligne-gare-centre-ville.html\" target=\"_blank\" rel=\"noopener\">Pamiers. Navettes : une nouvelle ligne gare-centre-ville<\/a>\u00bb.<\/p>\n<p style=\"text-align: justify;\">On y apprend que des navettes gratuites pourront permettre de rejoindre le centre ville depuis la gare SNCF : aux heures de pointe ! Ce que je trouve \u00e9tonnant dans le paysage des transports. Pourquoi offrir un trajet aussi limit\u00e9 ? Et pourquoi l&#8217;offrir sp\u00e9cifiquement aux heures de pointe alors que le trajet gare &#8211; centre ville repr\u00e9sente entre 5 et 10 minutes de marche, et pourquoi ne pas commencer \u00e0 pr\u00e9voir des plans de d\u00e9placement plus large et plus nombreux ?<\/p>\n<p style=\"text-align: justify;\">Comment s&#8217;informer ? Je sugg\u00e8re ce parcours, le m\u00eame que j&#8217;ai suivi un jour, et qui n&#8217;aboutit \u00e0 rien pour la plupart des usagers potentiels. Je dis bien pour la plupart, car n&#8217;\u00e9tant pas une personne \u00e2g\u00e9e et n&#8217;ayant pas de besoins de d\u00e9placements par le transport \u00e0 la demande (d\u00e9nomm\u00e9 sobrement \u00abTAD\u00bb), je n&#8217;ai pas eu l&#8217;occasion de tester ce service.\u00a0Suivez le guide : voici le site internet du \u00ab<a title=\"Service des transports d\u00e9partementaux\" href=\"http:\/\/www.transports-ariege.fr\/\" target=\"_blank\" rel=\"noopener\">Service des Transports d\u00e9partementaux<\/a>\u00bb. Tentez la page des &#8220;lignes r\u00e9guli\u00e8res&#8221;, t\u00e9l\u00e9phonez \u00e0 la ronde, testez, et faites-nous part de vos r\u00e9sultats !<\/p>\n<p style=\"text-align: justify;\">\n","protected":false},"excerpt":{"rendered":"<p><span class=\"span-reading-time rt-reading-time\" style=\"display: block;\"><span class=\"rt-label rt-prefix\">Temps de lecture\u00a0: <\/span> <span class=\"rt-time\"> 2<\/span> <span class=\"rt-label rt-postfix\">minutes<\/span><\/span>Alors que d&#8217;autres r\u00e9gions d\u00e9veloppent des offres de transports pour tous, l&#8217;Ari\u00e8ge reste sur des offres plus que minimalistes. Une recherche sur internet nous am\u00e8ne rapidement sur le blog de La Dormeuse o\u00f9 elle relate en d\u00e9tail ses exp\u00e9riences comme usag\u00e8re. Son article, Ari\u00e8ge, marche \u00e0 pied et bus malcommodes qui date de 2008, est [&hellip;]<\/p>\n","protected":false},"author":1,"featured_media":0,"comment_status":"open","ping_status":"open","sticky":false,"template":"","format":"standard","meta":{"_s2mail":"","footnotes":""},"categories":[17],"tags":[37],"class_list":["post-133","post","type-post","status-publish","format-standard","hentry","category-societe","tag-transports-ariege"],"jetpack_featured_media_url":"","_links":{"self":[{"href":"https:\/\/orditux.org\/aol\/wp-json\/wp\/v2\/posts\/133","targetHints":{"allow":["GET"]}}],"collection":[{"href":"https:\/\/orditux.org\/aol\/wp-json\/wp\/v2\/posts"}],"about":[{"href":"https:\/\/orditux.org\/aol\/wp-json\/wp\/v2\/types\/post"}],"author":[{"embeddable":true,"href":"https:\/\/orditux.org\/aol\/wp-json\/wp\/v2\/users\/1"}],"replies":[{"embeddable":true,"href":"https:\/\/orditux.org\/aol\/wp-json\/wp\/v2\/comments?post=133"}],"version-history":[{"count":2,"href":"https:\/\/orditux.org\/aol\/wp-json\/wp\/v2\/posts\/133\/revisions"}],"predecessor-version":[{"id":2778,"href":"https:\/\/orditux.org\/aol\/wp-json\/wp\/v2\/posts\/133\/revisions\/2778"}],"wp:attachment":[{"href":"https:\/\/orditux.org\/aol\/wp-json\/wp\/v2\/media?parent=133"}],"wp:term":[{"taxonomy":"category","embeddable":true,"href":"https:\/\/orditux.org\/aol\/wp-json\/wp\/v2\/categories?post=133"},{"taxonomy":"post_tag","embeddable":true,"href":"https:\/\/orditux.org\/aol\/wp-json\/wp\/v2\/tags?post=133"}],"curies":[{"name":"wp","href":"https:\/\/api.w.org\/{rel}","templated":true}]}}