{"id":1275,"date":"2019-05-28T12:48:55","date_gmt":"2019-05-28T10:48:55","guid":{"rendered":"http:\/\/orditux.org\/aol\/?p=1275"},"modified":"2026-02-03T22:05:13","modified_gmt":"2026-02-03T20:05:13","slug":"appel-a-projets-de-letat-deploiement-des-pass-numeriques","status":"publish","type":"post","link":"https:\/\/orditux.org\/aol\/2019\/05\/28\/appel-a-projets-de-letat-deploiement-des-pass-numeriques\/","title":{"rendered":"Appel \u00e0 projets de l&#8217;\u00c9tat : d\u00e9ploiement des pass num\u00e9riques"},"content":{"rendered":"<span class=\"span-reading-time rt-reading-time\" style=\"display: block;\"><span class=\"rt-label rt-prefix\">Temps de lecture\u00a0: <\/span> <span class=\"rt-time\"> 3<\/span> <span class=\"rt-label rt-postfix\">minutes<\/span><\/span><h2 style=\"text-align: justify;\">Ou l&#8217;\u00c9tat au c\u00f4t\u00e9 des plateformes de m\u00e9diation num\u00e9rique<\/h2>\n<p style=\"text-align: justify;\">\u00c0 mesure que les services administratifs deviennent de plus en plus d\u00e9mat\u00e9rialis\u00e9s, et que les r\u00e9seaux internet se renforcent et s&#8217;\u00e9tendent sur le territoire, la proportion de personnes en difficult\u00e9 devant l&#8217;outil informatique et l&#8217;usage du num\u00e9rique augmente.<\/p>\n<p style=\"text-align: justify;\">\u00c0 l&#8217;Atelier Orditux Informatique viennent tr\u00e8s r\u00e9guli\u00e8rement des personnes ayant besoin d&#8217;aide qui pour sortir un document depuis leurs mails et l&#8217;imprimer, qui pour r\u00e9diger et mettre en forme un CV ou encore obtenir une assistance pour effectuer une d\u00e9marche en ligne.<\/p>\n<p style=\"text-align: justify;\"><img data-recalc-dims=\"1\" decoding=\"async\" class=\"alignleft size-medium wp-image-1277\" src=\"https:\/\/i0.wp.com\/orditux.org\/aol\/files\/2019\/05\/pass-num%C3%A9rique.jpeg?resize=300%2C130&#038;ssl=1\" alt=\"Pass Num\u00e9rique\" width=\"300\" height=\"130\" srcset=\"https:\/\/i0.wp.com\/orditux.org\/aol\/files\/2019\/05\/pass-num%C3%A9rique.jpeg?resize=300%2C130&amp;ssl=1 300w, https:\/\/i0.wp.com\/orditux.org\/aol\/files\/2019\/05\/pass-num%C3%A9rique.jpeg?resize=768%2C333&amp;ssl=1 768w, https:\/\/i0.wp.com\/orditux.org\/aol\/files\/2019\/05\/pass-num%C3%A9rique.jpeg?resize=24%2C10&amp;ssl=1 24w, https:\/\/i0.wp.com\/orditux.org\/aol\/files\/2019\/05\/pass-num%C3%A9rique.jpeg?resize=36%2C16&amp;ssl=1 36w, https:\/\/i0.wp.com\/orditux.org\/aol\/files\/2019\/05\/pass-num%C3%A9rique.jpeg?resize=48%2C21&amp;ssl=1 48w, https:\/\/i0.wp.com\/orditux.org\/aol\/files\/2019\/05\/pass-num%C3%A9rique.jpeg?w=956&amp;ssl=1 956w\" sizes=\"(max-width: 300px) 100vw, 300px\" \/><\/p>\n<blockquote><p>La Strat\u00e9gie Nationale pour un Num\u00e9rique inclusif pr\u00e9voit d\u2019accompagner vers l\u2019autonomie les personnes en difficult\u00e9, d\u2019outiller les aidants et de soutenir le d\u00e9ploiement d\u2019actions locales efficaces et coh\u00e9rentes par les collectivit\u00e9s locales.<\/p><\/blockquote>\n<p style=\"text-align: justify;\">Culture et usage du num\u00e9rique (que d&#8217;aucuns nomment &#8220;digital&#8221;) se sont d\u00e9velopp\u00e9s et se d\u00e9veloppent encore trop vite pour les usagers d\u00e9j\u00e0 fortement sollicit\u00e9s au niveau de leur temps professionnel et personnel, ainsi que pour les personnes en difficult\u00e9 sociale.<\/p>\n<p style=\"text-align: justify;\">\n<p style=\"text-align: justify;\">La SCIC Aptic, (voir <a href=\"https:\/\/aptic.fr\">https:\/\/aptic.fr<\/a> et <a href=\"https:\/\/www.aptic.fr\/lancement-officiel-du-deploiement-national-de-aptic-par-e-macron-president-de-la-republique\/\">https:\/\/www.aptic.fr\/lancement-officiel-du-deploiement-national-de-aptic-par-e-macron-president-de-la-republique\/<\/a> ) annonce le d\u00e9ploiement national d&#8217;un PASS Num\u00e9rique qui, je cite, \u00abpermettra l\u2019acc\u00e8s aux services de m\u00e9diation num\u00e9rique, d\u2019accompagnement et d\u2019information en ciblant prioritairement les 14 millions de personnes \u00e9loign\u00e9es du num\u00e9rique.\u00bb La vid\u00e9o ci-apr\u00e8s en pr\u00e9sente le fonctionnement et les avantages pour les b\u00e9n\u00e9ficiaires.<\/p>\n<p style=\"text-align: justify;\"><iframe loading=\"lazy\" title=\"vimeo-player\" src=\"https:\/\/player.vimeo.com\/video\/194529751\" width=\"640\" height=\"360\" frameborder=\"0\" allowfullscreen=\"allowfullscreen\"><\/iframe><\/p>\n<p style=\"text-align: justify;\">Une enveloppe de 10 millions d&#8217;euros est d\u00e9di\u00e9e \u00e0 co-financer l&#8217;achat des ch\u00e8ques num\u00e9riques. <strong>L&#8217;appel \u00e0 projet s&#8217;adresse aux niveaux Intercommunal, D\u00e9partemental, Interd\u00e9partemental, et R\u00e9gional.<\/strong><\/p>\n<p style=\"text-align: justify;\">Les acteurs en mati\u00e8re de m\u00e9diation num\u00e9rique pr\u00eats \u00e0 accueillir les publics b\u00e9n\u00e9ficiaires sont list\u00e9s sur le site Aptic.fr \u00e0 mesure de leur r\u00e9f\u00e9rencement. L&#8217;Atelier Orditux Informatique est pr\u00e9sent sur la plateforme depuis 2018 en attendant que les ch\u00e8ques num\u00e9riques soient acquis et distribu\u00e9s par nos collectivit\u00e9s territoriales.<\/p>\n<div id=\"attachment_1289\" class=\"wp-caption aligncenter\" style=\"width: 875px\"><a href=\"https:\/\/www.aptic.fr\/les-acteurs-qualifies\" target=\"_blank\" rel=\"noopener noreferrer\"><img data-recalc-dims=\"1\" decoding=\"async\" class=\"wp-image-1289 size-full\" title=\"Les acteurs m\u00e9diation num\u00e9rique qualifi\u00e9s Toulouse Ari\u00e8ge et environs\" src=\"https:\/\/i0.wp.com\/orditux.org\/aol\/files\/2019\/05\/acteurs-aptic-r%C3%A9f%C3%A9renc%C3%A9s.png?resize=646%2C389&#038;ssl=1\" alt=\"Acteurs de la M\u00e9diation Num\u00e9rique\" width=\"646\" height=\"389\" srcset=\"https:\/\/i0.wp.com\/orditux.org\/aol\/files\/2019\/05\/acteurs-aptic-r%C3%A9f%C3%A9renc%C3%A9s.png?w=875&amp;ssl=1 875w, https:\/\/i0.wp.com\/orditux.org\/aol\/files\/2019\/05\/acteurs-aptic-r%C3%A9f%C3%A9renc%C3%A9s.png?resize=300%2C181&amp;ssl=1 300w, https:\/\/i0.wp.com\/orditux.org\/aol\/files\/2019\/05\/acteurs-aptic-r%C3%A9f%C3%A9renc%C3%A9s.png?resize=768%2C463&amp;ssl=1 768w, https:\/\/i0.wp.com\/orditux.org\/aol\/files\/2019\/05\/acteurs-aptic-r%C3%A9f%C3%A9renc%C3%A9s.png?resize=24%2C14&amp;ssl=1 24w, https:\/\/i0.wp.com\/orditux.org\/aol\/files\/2019\/05\/acteurs-aptic-r%C3%A9f%C3%A9renc%C3%A9s.png?resize=36%2C22&amp;ssl=1 36w, https:\/\/i0.wp.com\/orditux.org\/aol\/files\/2019\/05\/acteurs-aptic-r%C3%A9f%C3%A9renc%C3%A9s.png?resize=48%2C29&amp;ssl=1 48w\" sizes=\"(max-width: 646px) 100vw, 646px\" \/><\/a><p class=\"wp-caption-text\">Les acteurs m\u00e9diation num\u00e9rique qualifi\u00e9s Toulouse Ari\u00e8ge et environs<\/p><\/div>\n<h2 style=\"text-align: justify;\">Nos d\u00e9partements d&#8217;Occitanie seront-ils au rendez-vous de cet appel \u00e0 projet ?<\/h2>\n<blockquote><p>Le pr\u00e9sent <strong><em>appel \u00e0 projets<\/em><\/strong> vise \u00e0 obtenir <strong><em>un co-financement de l\u2019\u00c9tat<\/em><\/strong> pour acheter et d\u00e9ployer des pass num\u00e9riques sur un territoire. Une enveloppe de <strong>10 millions d\u2019euros<\/strong> est mobilis\u00e9e \u00e0 cette fin en 2019\u2026<\/p>\n<p>Les candidats \u00e9ligibles \u00e0 un financement sont les collectivit\u00e9s territoriales et leurs groupements au sens de l\u2019article L. 5111-1 du Code g\u00e9n\u00e9ral des collectivit\u00e9s territoriales (\u2026) <strong><em>Traitement au fil de l\u2019eau des dossiers dans la limite de l\u2019enveloppe totale.<\/em><\/strong><\/p><\/blockquote>\n<p style=\"text-align: justify;\"><strong><span style=\"background-color: #8bc9bc;\">Date butoir : l&#8217;appel \u00e0 projet sera cl\u00f4tur\u00e9 le 28 Juin 2019<\/span><\/strong><\/p>\n<p style=\"text-align: justify;\">Visitez la page de l&#8217;appel \u00e0 projet :<\/p>\n<ul style=\"text-align: justify;\">\n<li><a href=\"https:\/\/societenumerique.gouv.fr\/pass-numerique\/\">https:\/\/societenumerique.gouv.fr\/pass-numerique\/<\/a><\/li>\n<\/ul>\n<p style=\"text-align: justify;\">Pour en savoir plus sur Aptic :<\/p>\n<ul style=\"text-align: justify;\">\n<li><a href=\"https:\/\/www.aptic.fr\/le-contexte\/\">https:\/\/www.aptic.fr\/le-contexte\/<\/a><\/li>\n<li><a href=\"https:\/\/www.aptic.fr\/sinvestir\/\">https:\/\/www.aptic.fr\/sinvestir\/<\/a><\/li>\n<\/ul>\n<p style=\"text-align: justify;\">Merci de faire passer l&#8217;information \u00e0 vos \u00e9lus et responsables de d\u00e9veloppements territoriaux.<\/p>\n<p style=\"text-align: justify;\">\n","protected":false},"excerpt":{"rendered":"<p><span class=\"span-reading-time rt-reading-time\" style=\"display: block;\"><span class=\"rt-label rt-prefix\">Temps de lecture\u00a0: <\/span> <span class=\"rt-time\"> 3<\/span> <span class=\"rt-label rt-postfix\">minutes<\/span><\/span>Ou l&#8217;\u00c9tat au c\u00f4t\u00e9 des plateformes de m\u00e9diation num\u00e9rique \u00c0 mesure que les services administratifs deviennent de plus en plus d\u00e9mat\u00e9rialis\u00e9s, et que les r\u00e9seaux internet se renforcent et s&#8217;\u00e9tendent sur le territoire, la proportion de personnes en difficult\u00e9 devant l&#8217;outil informatique et l&#8217;usage du num\u00e9rique augmente. \u00c0 l&#8217;Atelier Orditux Informatique viennent tr\u00e8s r\u00e9guli\u00e8rement des [&hellip;]<\/p>\n","protected":false},"author":1,"featured_media":0,"comment_status":"open","ping_status":"open","sticky":false,"template":"","format":"standard","meta":{"_s2mail":"","footnotes":""},"categories":[111],"tags":[],"class_list":["post-1275","post","type-post","status-publish","format-standard","hentry","category-numerique-et-collaboratif"],"jetpack_featured_media_url":"","_links":{"self":[{"href":"https:\/\/orditux.org\/aol\/wp-json\/wp\/v2\/posts\/1275","targetHints":{"allow":["GET"]}}],"collection":[{"href":"https:\/\/orditux.org\/aol\/wp-json\/wp\/v2\/posts"}],"about":[{"href":"https:\/\/orditux.org\/aol\/wp-json\/wp\/v2\/types\/post"}],"author":[{"embeddable":true,"href":"https:\/\/orditux.org\/aol\/wp-json\/wp\/v2\/users\/1"}],"replies":[{"embeddable":true,"href":"https:\/\/orditux.org\/aol\/wp-json\/wp\/v2\/comments?post=1275"}],"version-history":[{"count":2,"href":"https:\/\/orditux.org\/aol\/wp-json\/wp\/v2\/posts\/1275\/revisions"}],"predecessor-version":[{"id":2854,"href":"https:\/\/orditux.org\/aol\/wp-json\/wp\/v2\/posts\/1275\/revisions\/2854"}],"wp:attachment":[{"href":"https:\/\/orditux.org\/aol\/wp-json\/wp\/v2\/media?parent=1275"}],"wp:term":[{"taxonomy":"category","embeddable":true,"href":"https:\/\/orditux.org\/aol\/wp-json\/wp\/v2\/categories?post=1275"},{"taxonomy":"post_tag","embeddable":true,"href":"https:\/\/orditux.org\/aol\/wp-json\/wp\/v2\/tags?post=1275"}],"curies":[{"name":"wp","href":"https:\/\/api.w.org\/{rel}","templated":true}]}}