{"id":1217,"date":"2019-05-24T19:46:05","date_gmt":"2019-05-24T17:46:05","guid":{"rendered":"http:\/\/orditux.org\/aol\/?p=1217"},"modified":"2026-02-03T21:42:50","modified_gmt":"2026-02-03T19:42:50","slug":"projection-dune-video-danimation-3d-sous-licence-libre","status":"publish","type":"post","link":"https:\/\/orditux.org\/aol\/2019\/05\/24\/projection-dune-video-danimation-3d-sous-licence-libre\/","title":{"rendered":"Projection d&#8217;une vid\u00e9o d&#8217;animation 3D sous licence libre"},"content":{"rendered":"<span class=\"span-reading-time rt-reading-time\" style=\"display: block;\"><span class=\"rt-label rt-prefix\">Temps de lecture\u00a0: <\/span> <span class=\"rt-time\"> &lt;\u00a01<\/span> <span class=\"rt-label rt-postfix\">minute<\/span><\/span><div id=\"attachment_1218\" class=\"wp-caption aligncenter\" style=\"width: 300px\"><img data-recalc-dims=\"1\" decoding=\"async\" class=\"wp-image-1218 size-medium\" src=\"https:\/\/i0.wp.com\/orditux.org\/aol\/files\/2019\/05\/Blender-Animation-Studio.jpg?resize=300%2C240&#038;ssl=1\" alt=\"Studio d'animation Blender\" width=\"300\" height=\"240\" srcset=\"https:\/\/i0.wp.com\/orditux.org\/aol\/files\/2019\/05\/Blender-Animation-Studio.jpg?resize=300%2C240&amp;ssl=1 300w, https:\/\/i0.wp.com\/orditux.org\/aol\/files\/2019\/05\/Blender-Animation-Studio.jpg?resize=768%2C614&amp;ssl=1 768w, https:\/\/i0.wp.com\/orditux.org\/aol\/files\/2019\/05\/Blender-Animation-Studio.jpg?resize=24%2C19&amp;ssl=1 24w, https:\/\/i0.wp.com\/orditux.org\/aol\/files\/2019\/05\/Blender-Animation-Studio.jpg?resize=36%2C29&amp;ssl=1 36w, https:\/\/i0.wp.com\/orditux.org\/aol\/files\/2019\/05\/Blender-Animation-Studio.jpg?resize=48%2C38&amp;ssl=1 48w, https:\/\/i0.wp.com\/orditux.org\/aol\/files\/2019\/05\/Blender-Animation-Studio.jpg?w=960&amp;ssl=1 960w\" sizes=\"(max-width: 300px) 100vw, 300px\" \/><p class=\"wp-caption-text\">Studio d&#8217;animation Blender<\/p><\/div>\n<p>L&#8217;Atelier Orditux Informatique, qui organise ses premiers \u00e9v\u00e9nements, vous accueillera les <strong>samedi 25 mai<\/strong>, et <strong>samedi 8 juin<\/strong> prochain <strong>\u00e0 partir de 15h00<\/strong><\/p>\n<p>(39 rue des Jacobins \u00e0 Pamiers, 09100) avec une pr\u00e9sentation des projets de l&#8217;Atelier qui durera quelques minutes aussit\u00f4t suivie d&#8217;une vid\u00e9o d&#8217;animation r\u00e9alis\u00e9e avec des legos qui illustre le concept d&#8217;\u0153uvre sous licence open source.<\/p>\n<p>Puis sera pr\u00e9sent\u00e9 un exemple d&#8217;entreprise d\u00e9veloppant des projets d&#8217;animation vid\u00e9os r\u00e9alis\u00e9es avec le logiciel libre de graphisme en 3D avec une projection d&#8217;une ou de plusieurs vid\u00e9os d&#8217;animation d&#8217;une dur\u00e9e totale de 15 minutes d&#8217;environ.<\/p>\n<p>Les vid\u00e9os pr\u00e9sent\u00e9es conviennent pour tous publics \u00e0 partir de 6 \u00e0 8 ans.<\/p>\n<p>La s\u00e9ance de projection se conclura par un go\u00fbter convivial tir\u00e9 du sac, ainsi que th\u00e9 ou caf\u00e9 pour ceux qui le souhaitent.<\/p>\n<p>Apr\u00e8s la projection, les participants seront invit\u00e9s \u00e0 s&#8217;exprimer sur leur rapport \u00e0 l&#8217;informatique. Facile ? Difficile ? Quelles aides peut apporter l&#8217;Atelier Orditux en la mati\u00e8re ?<\/p>\n<p>8 personnes maximum. Merci de vous inscrire pour r\u00e9server.<\/p>\n<p>&nbsp;<\/p>\n","protected":false},"excerpt":{"rendered":"<p><span class=\"span-reading-time rt-reading-time\" style=\"display: block;\"><span class=\"rt-label rt-prefix\">Temps de lecture\u00a0: <\/span> <span class=\"rt-time\"> &lt;\u00a01<\/span> <span class=\"rt-label rt-postfix\">minute<\/span><\/span>L&#8217;Atelier Orditux Informatique, qui organise ses premiers \u00e9v\u00e9nements, vous accueillera les samedi 25 mai, et samedi 8 juin prochain \u00e0 partir de 15h00 (39 rue des Jacobins \u00e0 Pamiers, 09100) avec une pr\u00e9sentation des projets de l&#8217;Atelier qui durera quelques minutes aussit\u00f4t suivie d&#8217;une vid\u00e9o d&#8217;animation r\u00e9alis\u00e9e avec des legos qui illustre le concept d&#8217;\u0153uvre [&hellip;]<\/p>\n","protected":false},"author":1,"featured_media":0,"comment_status":"open","ping_status":"open","sticky":false,"template":"","format":"standard","meta":{"_s2mail":"","footnotes":""},"categories":[111],"tags":[],"class_list":["post-1217","post","type-post","status-publish","format-standard","hentry","category-numerique-et-collaboratif"],"jetpack_featured_media_url":"","_links":{"self":[{"href":"https:\/\/orditux.org\/aol\/wp-json\/wp\/v2\/posts\/1217","targetHints":{"allow":["GET"]}}],"collection":[{"href":"https:\/\/orditux.org\/aol\/wp-json\/wp\/v2\/posts"}],"about":[{"href":"https:\/\/orditux.org\/aol\/wp-json\/wp\/v2\/types\/post"}],"author":[{"embeddable":true,"href":"https:\/\/orditux.org\/aol\/wp-json\/wp\/v2\/users\/1"}],"replies":[{"embeddable":true,"href":"https:\/\/orditux.org\/aol\/wp-json\/wp\/v2\/comments?post=1217"}],"version-history":[{"count":1,"href":"https:\/\/orditux.org\/aol\/wp-json\/wp\/v2\/posts\/1217\/revisions"}],"predecessor-version":[{"id":2825,"href":"https:\/\/orditux.org\/aol\/wp-json\/wp\/v2\/posts\/1217\/revisions\/2825"}],"wp:attachment":[{"href":"https:\/\/orditux.org\/aol\/wp-json\/wp\/v2\/media?parent=1217"}],"wp:term":[{"taxonomy":"category","embeddable":true,"href":"https:\/\/orditux.org\/aol\/wp-json\/wp\/v2\/categories?post=1217"},{"taxonomy":"post_tag","embeddable":true,"href":"https:\/\/orditux.org\/aol\/wp-json\/wp\/v2\/tags?post=1217"}],"curies":[{"name":"wp","href":"https:\/\/api.w.org\/{rel}","templated":true}]}}