{"id":1182,"date":"2019-05-14T12:52:22","date_gmt":"2019-05-14T10:52:22","guid":{"rendered":"http:\/\/orditux.org\/aol\/?p=1182"},"modified":"2026-02-03T21:42:31","modified_gmt":"2026-02-03T19:42:31","slug":"l-atelier-orditux-informatique-au-coeur-du-centre-ville-de-pamiers","status":"publish","type":"post","link":"https:\/\/orditux.org\/aol\/2019\/05\/14\/l-atelier-orditux-informatique-au-coeur-du-centre-ville-de-pamiers\/","title":{"rendered":"L&#8217; Atelier Orditux Informatique au c\u0153ur du centre ville de Pamiers"},"content":{"rendered":"<span class=\"span-reading-time rt-reading-time\" style=\"display: block;\"><span class=\"rt-label rt-prefix\">Temps de lecture\u00a0: <\/span> <span class=\"rt-time\"> 2<\/span> <span class=\"rt-label rt-postfix\">minutes<\/span><\/span><p style=\"text-align: justify;\">L\u2019arriv\u00e9e des ordinateurs dans les foyers et dans les entreprises s\u2019est faite brutalement, dans une \u00e8re o\u00f9 l\u2019on pouvait d\u00e9j\u00e0 pointer du doigt un des maux du si\u00e8cle d\u00e9nomm\u00e9 surmenage, avant de voir appara\u00eetre ses suites logiques, surbooking et <a href=\"https:\/\/fr.wikipedia.org\/wiki\/Syndrome_d'%C3%A9puisement_professionnel\" target=\"_blank\" rel=\"noopener noreferrer\">burnout<\/a>. De fait, d\u00e9j\u00e0 d\u00e9bord\u00e9s par leurs activit\u00e9s personnelles et professionnelles, les utilisateurs ont tr\u00e8s souvent laiss\u00e9 passer le temps et remis \u00e0 plus tard le projet de se former \u00e0 l\u2019usage de l\u2019informatique.<\/p>\n<p style=\"text-align: justify;\"><img data-recalc-dims=\"1\" decoding=\"async\" class=\"aligncenter wp-image-1158 size-medium\" title=\"Embarras\" src=\"https:\/\/i0.wp.com\/orditux.org\/aol\/files\/2019\/05\/confused-snail-2209386_960_720.png?resize=285%2C300&#038;ssl=1\" alt=\"Embarras\" width=\"285\" height=\"300\" srcset=\"https:\/\/i0.wp.com\/orditux.org\/aol\/files\/2019\/05\/confused-snail-2209386_960_720.png?resize=285%2C300&amp;ssl=1 285w, https:\/\/i0.wp.com\/orditux.org\/aol\/files\/2019\/05\/confused-snail-2209386_960_720.png?resize=24%2C24&amp;ssl=1 24w, https:\/\/i0.wp.com\/orditux.org\/aol\/files\/2019\/05\/confused-snail-2209386_960_720.png?resize=34%2C36&amp;ssl=1 34w, https:\/\/i0.wp.com\/orditux.org\/aol\/files\/2019\/05\/confused-snail-2209386_960_720.png?resize=46%2C48&amp;ssl=1 46w, https:\/\/i0.wp.com\/orditux.org\/aol\/files\/2019\/05\/confused-snail-2209386_960_720.png?w=487&amp;ssl=1 487w\" sizes=\"(max-width: 285px) 100vw, 285px\" \/><\/p>\n<p style=\"text-align: justify;\">C&#8217;est dans ce contexte que les pouvoirs publics ont commenc\u00e9 \u00e0 imposer l\u2019usage des ordinateurs \u00e0 tous, en cr\u00e9ant de nouveaux services en ligne qui remplacent progressivement tout ou partie des services administratifs courants. Cette pression en direction de l\u2019usage des services en ligne ne devait pas manquer de laisser les personnes non \u00e9quip\u00e9es et ou peu form\u00e9es \u00e0 l\u2019usage dans un grand embarras face \u00e0 la disparition des guichets d\u2019accueil physiques, et de trouver un certain nombre de personnes d\u00e9munies face \u00e0 ces \u00e9volutions.<\/p>\n<p style=\"text-align: justify;\">Orditux Informatique a ouvert il y a un an un espace professionnel en centre ville pour adresser l\u2019ensemble des probl\u00e8mes li\u00e9s \u00e0 l\u2019usage et la possession du mat\u00e9riel informatique. L\u2019Atelier Orditux Informatique, situ\u00e9 au centre ville de Pamiers en Ari\u00e8ge, est \u00e9quip\u00e9 avec un atelier polyvalent o\u00f9 les visiteurs peuvent venir demander toutes sortes de services li\u00e9s \u00e0 l&#8217;usage des ordinateurs, <a href=\"#aptic\">de l&#8217;initiation \u00e0 la formation<\/a> <span style=\"color: #ff6600;\">[\u00b9]<\/span> en passant par l&#8217;utilisation, la r\u00e9paration et bien plus.<\/p>\n<p style=\"text-align: justify;\">L\u2019Atelier Informatique et num\u00e9rique est un concept destin\u00e9 \u00e0 r\u00e9pondre aux demandes des utilisateurs particuliers et professionnels, et sp\u00e9cifiquement aux besoins de formation et de d\u00e9veloppement des comp\u00e9tences de tous, aux besoin de conseils et d&#8217;\u00e9quipements fiables et durables. C&#8217;est aussi un lieu o\u00f9 on travaille sur l&#8217;\u00e9conomie du mat\u00e9riel dans le but de le faire durer.<\/p>\n<p style=\"text-align: justify;\">L\u2019atelier vous accueille du mardi au samedi, de 10h00 \u00e0 18h00 (pause d\u00e9jeuner en milieu de journ\u00e9e) et sur rendez-vous au\u00a0<a href=\"tel:0534026681\">05 34 02 66 81<\/a> ou au <a href=\"tel:0618566083\">06 18 56 60 83<\/a>.<\/p>\n<p style=\"text-align: justify;\"><a name=\"aptic\"><\/a><\/p>\n<p style=\"text-align: justify;\"><span style=\"color: #ff6600;\">[\u00b9]<\/span> Orditux Informatique est r\u00e9f\u00e9renc\u00e9 <a href=\"https:\/\/www.aptic.fr\/\" target=\"_blank\" rel=\"noopener noreferrer\">Aptic<\/a> et accepte <strong>le ch\u00e8que culture num\u00e9rique pour tous<\/strong><\/p>\n","protected":false},"excerpt":{"rendered":"<p><span class=\"span-reading-time rt-reading-time\" style=\"display: block;\"><span class=\"rt-label rt-prefix\">Temps de lecture\u00a0: <\/span> <span class=\"rt-time\"> 2<\/span> <span class=\"rt-label rt-postfix\">minutes<\/span><\/span>L\u2019arriv\u00e9e des ordinateurs dans les foyers et dans les entreprises s\u2019est faite brutalement, dans une \u00e8re o\u00f9 l\u2019on pouvait d\u00e9j\u00e0 pointer du doigt un des maux du si\u00e8cle d\u00e9nomm\u00e9 surmenage, avant de voir appara\u00eetre ses suites logiques, surbooking et burnout. De fait, d\u00e9j\u00e0 d\u00e9bord\u00e9s par leurs activit\u00e9s personnelles et professionnelles, les utilisateurs ont tr\u00e8s souvent [&hellip;]<\/p>\n","protected":false},"author":1,"featured_media":0,"comment_status":"open","ping_status":"open","sticky":false,"template":"","format":"standard","meta":{"_s2mail":"","footnotes":""},"categories":[9,45],"tags":[121,11,119,122,120],"class_list":["post-1182","post","type-post","status-publish","format-standard","hentry","category-internet-en-ariege","category-services-informatiques","tag-equipement_informatique","tag-espaces-publics-numeriques","tag-fracture_numerique-formation_informatique","tag-inclusion_numerique","tag-tiers_lieux_numeriques"],"jetpack_featured_media_url":"","_links":{"self":[{"href":"https:\/\/orditux.org\/aol\/wp-json\/wp\/v2\/posts\/1182","targetHints":{"allow":["GET"]}}],"collection":[{"href":"https:\/\/orditux.org\/aol\/wp-json\/wp\/v2\/posts"}],"about":[{"href":"https:\/\/orditux.org\/aol\/wp-json\/wp\/v2\/types\/post"}],"author":[{"embeddable":true,"href":"https:\/\/orditux.org\/aol\/wp-json\/wp\/v2\/users\/1"}],"replies":[{"embeddable":true,"href":"https:\/\/orditux.org\/aol\/wp-json\/wp\/v2\/comments?post=1182"}],"version-history":[{"count":2,"href":"https:\/\/orditux.org\/aol\/wp-json\/wp\/v2\/posts\/1182\/revisions"}],"predecessor-version":[{"id":2823,"href":"https:\/\/orditux.org\/aol\/wp-json\/wp\/v2\/posts\/1182\/revisions\/2823"}],"wp:attachment":[{"href":"https:\/\/orditux.org\/aol\/wp-json\/wp\/v2\/media?parent=1182"}],"wp:term":[{"taxonomy":"category","embeddable":true,"href":"https:\/\/orditux.org\/aol\/wp-json\/wp\/v2\/categories?post=1182"},{"taxonomy":"post_tag","embeddable":true,"href":"https:\/\/orditux.org\/aol\/wp-json\/wp\/v2\/tags?post=1182"}],"curies":[{"name":"wp","href":"https:\/\/api.w.org\/{rel}","templated":true}]}}