{"id":1037,"date":"2018-09-30T19:48:17","date_gmt":"2018-09-30T17:48:17","guid":{"rendered":"http:\/\/orditux.org\/aol\/?p=1037"},"modified":"2026-02-03T21:57:14","modified_gmt":"2026-02-03T19:57:14","slug":"orditux-informatique-au-centre-de-pamiers","status":"publish","type":"post","link":"https:\/\/orditux.org\/aol\/2018\/09\/30\/orditux-informatique-au-centre-de-pamiers\/","title":{"rendered":"Orditux Informatique au centre de Pamiers"},"content":{"rendered":"<span class=\"span-reading-time rt-reading-time\" style=\"display: block;\"><span class=\"rt-label rt-prefix\">Temps de lecture\u00a0: <\/span> <span class=\"rt-time\"> 3<\/span> <span class=\"rt-label rt-postfix\">minutes<\/span><\/span><h1>Des prestations informatiques et num\u00e9riques<\/h1>\n<p>Apr\u00e8s quelques mois de d\u00e9marches et travaux, Orditux Informatique, un service unique liant r\u00e9parations, r\u00e9emploi, assistance avec acc\u00e8s internet haut d\u00e9bit fibre <strong>au centre ville de Pamiers<\/strong>, a ouvert au d\u00e9but de l&#8217;\u00e9t\u00e9 !<\/p>\n<div id=\"attachment_1086\" class=\"wp-caption aligncenter\" style=\"width: 716px\"><img data-recalc-dims=\"1\" decoding=\"async\" class=\"size-full wp-image-1086\" src=\"https:\/\/i0.wp.com\/orditux.org\/aol\/files\/2018\/09\/Orditux-Informatique-Pamiers.jpg?resize=646%2C494&#038;ssl=1\" alt=\"Orditux Informatique\" width=\"646\" height=\"494\" srcset=\"https:\/\/i0.wp.com\/orditux.org\/aol\/files\/2018\/09\/Orditux-Informatique-Pamiers.jpg?w=716&amp;ssl=1 716w, https:\/\/i0.wp.com\/orditux.org\/aol\/files\/2018\/09\/Orditux-Informatique-Pamiers.jpg?resize=300%2C229&amp;ssl=1 300w, https:\/\/i0.wp.com\/orditux.org\/aol\/files\/2018\/09\/Orditux-Informatique-Pamiers.jpg?resize=24%2C18&amp;ssl=1 24w, https:\/\/i0.wp.com\/orditux.org\/aol\/files\/2018\/09\/Orditux-Informatique-Pamiers.jpg?resize=36%2C28&amp;ssl=1 36w, https:\/\/i0.wp.com\/orditux.org\/aol\/files\/2018\/09\/Orditux-Informatique-Pamiers.jpg?resize=48%2C37&amp;ssl=1 48w\" sizes=\"(max-width: 646px) 100vw, 646px\" \/><p class=\"wp-caption-text\">Orditux Informatique<\/p><\/div>\n<p style=\"text-align: justify;\"><strong>Orditux Informatique<\/strong> est situ\u00e9 au <strong>39, rue des Jacobins<\/strong>, non loin de la m\u00e9diath\u00e8que et \u00e0 quelques minutes \u00e0 pied de la Place de la R\u00e9publique et vous accueille <strong>du mardi au samedi<\/strong>.<\/p>\n<p style=\"text-align: justify;\">Les service propos\u00e9es vont de la <strong>r\u00e9paration des ordinateurs<\/strong> \u00e0 la <strong>formation \u00e0 l&#8217;usage de l&#8217;informatique<\/strong>, en passant par <strong>la cr\u00e9ation de sites internet<\/strong>. En plus de ces services classiques, vous y trouverez aussi des ordinateurs mis \u00e0 disposition <strong>pour surfer sur Internet<\/strong>, faire une recherche, r\u00e9server un billet de train ou d&#8217;avion, effectuer une d\u00e9marche administrative, et m\u00eame imprimer vos documents ou les scanner\u2026 Vous pouvez aussi venir avec votre propre ordinateur.<\/p>\n<h2 style=\"text-align: justify;\">D&#8217;un monde \u00e0 l&#8217;autre<\/h2>\n<p style=\"text-align: justify;\">Orditux Informatique a d\u00e9marr\u00e9 son activit\u00e9 en 2009 et a form\u00e9 le projet d&#8217;ouvrir un local en centre ville de Pamiers \u00e0 partir de 2017. Voici <strong>quelques photos du local Orditux Informatique <\/strong>de avril \u00e0 juillet lors de l&#8217;am\u00e9nagement.<\/p>\n\n\t\t<style>\n\t\t\t#gallery-1 {\n\t\t\t\tmargin: auto;\n\t\t\t}\n\t\t\t#gallery-1 .gallery-item {\n\t\t\t\tfloat: left;\n\t\t\t\tmargin-top: 10px;\n\t\t\t\ttext-align: center;\n\t\t\t\twidth: 33%;\n\t\t\t}\n\t\t\t#gallery-1 img {\n\t\t\t\tborder: 2px solid #cfcfcf;\n\t\t\t}\n\t\t\t#gallery-1 .gallery-caption {\n\t\t\t\tmargin-left: 0;\n\t\t\t}\n\t\t\t\/* see gallery_shortcode() in wp-includes\/media.php *\/\n\t\t<\/style>\n\t\t<div id='gallery-1' class='gallery galleryid-1037 gallery-columns-3 gallery-size-thumbnail'><dl class='gallery-item'>\n\t\t\t<dt class='gallery-icon portrait'>\n\t\t\t\t<a href='https:\/\/i0.wp.com\/orditux.org\/aol\/files\/2018\/09\/1-20180506_163508_copie-e1538321564494.jpg?fit=576%2C768&ssl=1' title=\"\" data-rl_title=\"\" class=\"rl-gallery-link\" data-rl_caption=\"\" data-rel=\"lightbox-gallery-1\"><img decoding=\"async\" width=\"150\" height=\"150\" src=\"https:\/\/i0.wp.com\/orditux.org\/aol\/files\/2018\/09\/1-20180506_163508_copie-e1538321564494.jpg?resize=150%2C150&amp;ssl=1\" class=\"attachment-thumbnail size-thumbnail\" alt=\"Local Orditux en mai vu de la rue\" aria-describedby=\"gallery-1-1048\" srcset=\"https:\/\/i0.wp.com\/orditux.org\/aol\/files\/2018\/09\/1-20180506_163508_copie-e1538321564494.jpg?resize=150%2C150&amp;ssl=1 150w, https:\/\/i0.wp.com\/orditux.org\/aol\/files\/2018\/09\/1-20180506_163508_copie-e1538321564494.jpg?zoom=2&amp;resize=150%2C150&amp;ssl=1 300w, https:\/\/i0.wp.com\/orditux.org\/aol\/files\/2018\/09\/1-20180506_163508_copie-e1538321564494.jpg?zoom=3&amp;resize=150%2C150&amp;ssl=1 450w\" sizes=\"(max-width: 150px) 100vw, 150px\" \/><\/a>\n\t\t\t<\/dt>\n\t\t\t\t<dd class='wp-caption-text gallery-caption' id='gallery-1-1048'>\n\t\t\t\tLocal Orditux mai 2018\n\t\t\t\t<\/dd><\/dl><dl class='gallery-item'>\n\t\t\t<dt class='gallery-icon landscape'>\n\t\t\t\t<a href='https:\/\/i0.wp.com\/orditux.org\/aol\/files\/2018\/09\/2-Message_1523625154620.jpg?fit=1024%2C768&ssl=1' title=\"\" data-rl_title=\"\" class=\"rl-gallery-link\" data-rl_caption=\"\" data-rel=\"lightbox-gallery-1\"><img decoding=\"async\" width=\"150\" height=\"150\" src=\"https:\/\/i0.wp.com\/orditux.org\/aol\/files\/2018\/09\/2-Message_1523625154620.jpg?resize=150%2C150&amp;ssl=1\" class=\"attachment-thumbnail size-thumbnail\" alt=\"D\u00e9but des travaux au local Orditux Pamiers en avril\" aria-describedby=\"gallery-1-1046\" srcset=\"https:\/\/i0.wp.com\/orditux.org\/aol\/files\/2018\/09\/2-Message_1523625154620.jpg?resize=150%2C150&amp;ssl=1 150w, https:\/\/i0.wp.com\/orditux.org\/aol\/files\/2018\/09\/2-Message_1523625154620.jpg?zoom=2&amp;resize=150%2C150&amp;ssl=1 300w, https:\/\/i0.wp.com\/orditux.org\/aol\/files\/2018\/09\/2-Message_1523625154620.jpg?zoom=3&amp;resize=150%2C150&amp;ssl=1 450w\" sizes=\"(max-width: 150px) 100vw, 150px\" \/><\/a>\n\t\t\t<\/dt>\n\t\t\t\t<dd class='wp-caption-text gallery-caption' id='gallery-1-1046'>\n\t\t\t\tD\u00e9but des travaux en avril\n\t\t\t\t<\/dd><\/dl><dl class='gallery-item'>\n\t\t\t<dt class='gallery-icon landscape'>\n\t\t\t\t<a href='https:\/\/i0.wp.com\/orditux.org\/aol\/files\/2018\/09\/3-Message_1524413750750.jpg?fit=1024%2C768&ssl=1' title=\"\" data-rl_title=\"\" class=\"rl-gallery-link\" data-rl_caption=\"\" data-rel=\"lightbox-gallery-1\"><img decoding=\"async\" width=\"150\" height=\"150\" src=\"https:\/\/i0.wp.com\/orditux.org\/aol\/files\/2018\/09\/3-Message_1524413750750.jpg?resize=150%2C150&amp;ssl=1\" class=\"attachment-thumbnail size-thumbnail\" alt=\"Am\u00e9nagement local Orditux en cours en avril\" aria-describedby=\"gallery-1-1047\" srcset=\"https:\/\/i0.wp.com\/orditux.org\/aol\/files\/2018\/09\/3-Message_1524413750750.jpg?resize=150%2C150&amp;ssl=1 150w, https:\/\/i0.wp.com\/orditux.org\/aol\/files\/2018\/09\/3-Message_1524413750750.jpg?zoom=2&amp;resize=150%2C150&amp;ssl=1 300w, https:\/\/i0.wp.com\/orditux.org\/aol\/files\/2018\/09\/3-Message_1524413750750.jpg?zoom=3&amp;resize=150%2C150&amp;ssl=1 450w\" sizes=\"(max-width: 150px) 100vw, 150px\" \/><\/a>\n\t\t\t<\/dt>\n\t\t\t\t<dd class='wp-caption-text gallery-caption' id='gallery-1-1047'>\n\t\t\t\tAm\u00e9nagement local Orditux en cours en avril\n\t\t\t\t<\/dd><\/dl><br style=\"clear: both\" \/><dl class='gallery-item'>\n\t\t\t<dt class='gallery-icon portrait'>\n\t\t\t\t<a href='https:\/\/i0.wp.com\/orditux.org\/aol\/files\/2018\/09\/dedans-20180706_112455_copie-e1538321812768.jpg?fit=576%2C768&ssl=1' title=\"\" data-rl_title=\"\" class=\"rl-gallery-link\" data-rl_caption=\"\" data-rel=\"lightbox-gallery-1\"><img decoding=\"async\" width=\"150\" height=\"150\" src=\"https:\/\/i0.wp.com\/orditux.org\/aol\/files\/2018\/09\/dedans-20180706_112455_copie-e1538321812768.jpg?resize=150%2C150&amp;ssl=1\" class=\"attachment-thumbnail size-thumbnail\" alt=\"Vue sur la rue depuis le local Orditux d\u00e9but juillet\" aria-describedby=\"gallery-1-1050\" srcset=\"https:\/\/i0.wp.com\/orditux.org\/aol\/files\/2018\/09\/dedans-20180706_112455_copie-e1538321812768.jpg?resize=150%2C150&amp;ssl=1 150w, https:\/\/i0.wp.com\/orditux.org\/aol\/files\/2018\/09\/dedans-20180706_112455_copie-e1538321812768.jpg?zoom=2&amp;resize=150%2C150&amp;ssl=1 300w, https:\/\/i0.wp.com\/orditux.org\/aol\/files\/2018\/09\/dedans-20180706_112455_copie-e1538321812768.jpg?zoom=3&amp;resize=150%2C150&amp;ssl=1 450w\" sizes=\"(max-width: 150px) 100vw, 150px\" \/><\/a>\n\t\t\t<\/dt>\n\t\t\t\t<dd class='wp-caption-text gallery-caption' id='gallery-1-1050'>\n\t\t\t\tVue sur la rue depuis le local Orditux d\u00e9but juillet\n\t\t\t\t<\/dd><\/dl><dl class='gallery-item'>\n\t\t\t<dt class='gallery-icon landscape'>\n\t\t\t\t<a href='https:\/\/i0.wp.com\/orditux.org\/aol\/files\/2018\/09\/Franck-BORDERON-en-charge-de-l_am%C3%A9nagement.jpg?fit=800%2C600&ssl=1' title=\"\" data-rl_title=\"\" class=\"rl-gallery-link\" data-rl_caption=\"\" data-rel=\"lightbox-gallery-1\"><img decoding=\"async\" width=\"150\" height=\"150\" src=\"https:\/\/i0.wp.com\/orditux.org\/aol\/files\/2018\/09\/Franck-BORDERON-en-charge-de-l_am%C3%A9nagement.jpg?resize=150%2C150&amp;ssl=1\" class=\"attachment-thumbnail size-thumbnail\" alt=\"Franck BORDERON en charge de l&#039;am\u00e9nagement\" aria-describedby=\"gallery-1-1110\" \/><\/a>\n\t\t\t<\/dt>\n\t\t\t\t<dd class='wp-caption-text gallery-caption' id='gallery-1-1110'>\n\t\t\t\tFranck BORDERON en charge de l&#8217;am\u00e9nagement\n\t\t\t\t<\/dd><\/dl><dl class='gallery-item'>\n\t\t\t<dt class='gallery-icon landscape'>\n\t\t\t\t<a href='https:\/\/i0.wp.com\/orditux.org\/aol\/files\/2018\/09\/Pose-de-la-banderolle-termin%C3%A9e-06.07.2018.jpg?fit=800%2C687&ssl=1' title=\"\" data-rl_title=\"\" class=\"rl-gallery-link\" data-rl_caption=\"\" data-rel=\"lightbox-gallery-1\"><img decoding=\"async\" width=\"150\" height=\"150\" src=\"https:\/\/i0.wp.com\/orditux.org\/aol\/files\/2018\/09\/Pose-de-la-banderolle-termin%C3%A9e-06.07.2018.jpg?resize=150%2C150&amp;ssl=1\" class=\"attachment-thumbnail size-thumbnail\" alt=\"Pose de l&#039;enseigne termin\u00e9e\" aria-describedby=\"gallery-1-1109\" \/><\/a>\n\t\t\t<\/dt>\n\t\t\t\t<dd class='wp-caption-text gallery-caption' id='gallery-1-1109'>\n\t\t\t\tPose de l&#8217;enseigne termin\u00e9e\n\t\t\t\t<\/dd><\/dl><br style=\"clear: both\" \/><dl class='gallery-item'>\n\t\t\t<dt class='gallery-icon portrait'>\n\t\t\t\t<a href='https:\/\/i0.wp.com\/orditux.org\/aol\/files\/2018\/09\/Ouverture-officielle-de-Orditux.png?fit=683%2C1024&ssl=1' title=\"\" data-rl_title=\"\" class=\"rl-gallery-link\" data-rl_caption=\"\" data-rel=\"lightbox-gallery-1\"><img decoding=\"async\" width=\"150\" height=\"150\" src=\"https:\/\/i0.wp.com\/orditux.org\/aol\/files\/2018\/09\/Ouverture-officielle-de-Orditux.png?resize=150%2C150&amp;ssl=1\" class=\"attachment-thumbnail size-thumbnail\" alt=\"Ouverture officielle de Orditux pose photo\" aria-describedby=\"gallery-1-1053\" srcset=\"https:\/\/i0.wp.com\/orditux.org\/aol\/files\/2018\/09\/Ouverture-officielle-de-Orditux.png?resize=150%2C150&amp;ssl=1 150w, https:\/\/i0.wp.com\/orditux.org\/aol\/files\/2018\/09\/Ouverture-officielle-de-Orditux.png?zoom=2&amp;resize=150%2C150&amp;ssl=1 300w, https:\/\/i0.wp.com\/orditux.org\/aol\/files\/2018\/09\/Ouverture-officielle-de-Orditux.png?zoom=3&amp;resize=150%2C150&amp;ssl=1 450w\" sizes=\"(max-width: 150px) 100vw, 150px\" \/><\/a>\n\t\t\t<\/dt>\n\t\t\t\t<dd class='wp-caption-text gallery-caption' id='gallery-1-1053'>\n\t\t\t\tOuverture officielle de Orditux\n\t\t\t\t<\/dd><\/dl>\n\t\t\t<br style='clear: both' \/>\n\t\t<\/div>\n\n<h2 style=\"text-align: justify;\">Orditux informatique et Logiciels libres<\/h2>\n<p style=\"text-align: justify;\">Si comme certains visiteurs vous vous posez la question, \u201cqu&#8217;est-ce que c&#8217;est comme syst\u00e8me Windows ?\u201d vous serez peut-\u00eatre supris, car les ordinateurs mis \u00e0 disposition fonctionnent en majorit\u00e9 avec des syst\u00e8mes d&#8217;exploitation GNU\/Linux. Vous serez peut-\u00eatre aussi \u00e9tonn\u00e9s de lire dans ces lignes que les utilisateurs qui sont venus pour consulter Internet depuis le d\u00e9but de l&#8217;\u00e9t\u00e9 ne s&#8217;en sont jamais aper\u00e7us ! Du moment que <em><strong>\u00abc&#8217;est simple et que \u00e7a marche\u00bb<\/strong><\/em> les utilisateurs sont satisfaits !<\/p>\n<h2 style=\"text-align: justify;\">Des services pour simplifier l&#8217;informatique<\/h2>\n<p style=\"text-align: justify;\">Depuis l&#8217;ouverture Orditux re\u00e7oit des visiteurs, des clients, des ordinateurs \u00e0 r\u00e9parer, et des internautes contents de trouver un service complet, de l&#8217;acc\u00e8s aux mails en passant par l&#8217;impression et le scans de documents.<\/p>\n<p style=\"text-align: justify;\">Au fil des semaines, l&#8217;am\u00e9nagement a \u00e9volu\u00e9, le coin caf\u00e9 et th\u00e9 s&#8217;est install\u00e9 dans la partie publique du local, et des PC de r\u00e9emploi r\u00e9vis\u00e9s et optimis\u00e9s sont mis en vente devant la vitrine.<\/p>\n\n\t\t<style>\n\t\t\t#gallery-2 {\n\t\t\t\tmargin: auto;\n\t\t\t}\n\t\t\t#gallery-2 .gallery-item {\n\t\t\t\tfloat: left;\n\t\t\t\tmargin-top: 10px;\n\t\t\t\ttext-align: center;\n\t\t\t\twidth: 33%;\n\t\t\t}\n\t\t\t#gallery-2 img {\n\t\t\t\tborder: 2px solid #cfcfcf;\n\t\t\t}\n\t\t\t#gallery-2 .gallery-caption {\n\t\t\t\tmargin-left: 0;\n\t\t\t}\n\t\t\t\/* see gallery_shortcode() in wp-includes\/media.php *\/\n\t\t<\/style>\n\t\t<div id='gallery-2' class='gallery galleryid-1037 gallery-columns-3 gallery-size-thumbnail'><dl class='gallery-item'>\n\t\t\t<dt class='gallery-icon landscape'>\n\t\t\t\t<a href='https:\/\/i0.wp.com\/orditux.org\/aol\/files\/2018\/09\/Bureaux-avec-ordinateurs-%C3%A0-disposition-1.jpg?fit=1024%2C768&ssl=1' title=\"\" data-rl_title=\"\" class=\"rl-gallery-link\" data-rl_caption=\"\" data-rel=\"lightbox-gallery-2\"><img decoding=\"async\" width=\"150\" height=\"150\" src=\"https:\/\/i0.wp.com\/orditux.org\/aol\/files\/2018\/09\/Bureaux-avec-ordinateurs-%C3%A0-disposition-1.jpg?resize=150%2C150&amp;ssl=1\" class=\"attachment-thumbnail size-thumbnail\" alt=\"Bureaux avec Ordinateurs \u00e0 disposition au local Orditux Informatique\" aria-describedby=\"gallery-2-1064\" \/><\/a>\n\t\t\t<\/dt>\n\t\t\t\t<dd class='wp-caption-text gallery-caption' id='gallery-2-1064'>\n\t\t\t\tBureaux avec Ordinateurs \u00e0 disposition \n\t\t\t\t<\/dd><\/dl><dl class='gallery-item'>\n\t\t\t<dt class='gallery-icon portrait'>\n\t\t\t\t<a href='https:\/\/i0.wp.com\/orditux.org\/aol\/files\/2018\/09\/Vitrine-Orditux-septembre-fleurs-et-soleil-1.jpg?fit=768%2C1024&ssl=1' title=\"\" data-rl_title=\"\" class=\"rl-gallery-link\" data-rl_caption=\"\" data-rel=\"lightbox-gallery-2\"><img decoding=\"async\" width=\"150\" height=\"150\" src=\"https:\/\/i0.wp.com\/orditux.org\/aol\/files\/2018\/09\/Vitrine-Orditux-septembre-fleurs-et-soleil-1.jpg?resize=150%2C150&amp;ssl=1\" class=\"attachment-thumbnail size-thumbnail\" alt=\"La vitrine Orditux Informatique en septembre fleurie et ensoleill\u00e9e\" aria-describedby=\"gallery-2-1065\" srcset=\"https:\/\/i0.wp.com\/orditux.org\/aol\/files\/2018\/09\/Vitrine-Orditux-septembre-fleurs-et-soleil-1.jpg?resize=150%2C150&amp;ssl=1 150w, https:\/\/i0.wp.com\/orditux.org\/aol\/files\/2018\/09\/Vitrine-Orditux-septembre-fleurs-et-soleil-1.jpg?zoom=2&amp;resize=150%2C150&amp;ssl=1 300w, https:\/\/i0.wp.com\/orditux.org\/aol\/files\/2018\/09\/Vitrine-Orditux-septembre-fleurs-et-soleil-1.jpg?zoom=3&amp;resize=150%2C150&amp;ssl=1 450w\" sizes=\"(max-width: 150px) 100vw, 150px\" \/><\/a>\n\t\t\t<\/dt>\n\t\t\t\t<dd class='wp-caption-text gallery-caption' id='gallery-2-1065'>\n\t\t\t\tLa vitrine Orditux Informatique en septembre fleurie et ensoleill\u00e9e\n\t\t\t\t<\/dd><\/dl><dl class='gallery-item'>\n\t\t\t<dt class='gallery-icon portrait'>\n\t\t\t\t<a href='https:\/\/i0.wp.com\/orditux.org\/aol\/files\/2018\/09\/Le-coin-convivial-1.jpg?fit=768%2C1024&ssl=1' title=\"\" data-rl_title=\"\" class=\"rl-gallery-link\" data-rl_caption=\"\" data-rel=\"lightbox-gallery-2\"><img decoding=\"async\" width=\"150\" height=\"150\" src=\"https:\/\/i0.wp.com\/orditux.org\/aol\/files\/2018\/09\/Le-coin-convivial-1.jpg?resize=150%2C150&amp;ssl=1\" class=\"attachment-thumbnail size-thumbnail\" alt=\"Le coin convivial Orditux pour le th\u00e9 et le caf\u00e9\" aria-describedby=\"gallery-2-1066\" srcset=\"https:\/\/i0.wp.com\/orditux.org\/aol\/files\/2018\/09\/Le-coin-convivial-1.jpg?resize=150%2C150&amp;ssl=1 150w, https:\/\/i0.wp.com\/orditux.org\/aol\/files\/2018\/09\/Le-coin-convivial-1.jpg?zoom=2&amp;resize=150%2C150&amp;ssl=1 300w, https:\/\/i0.wp.com\/orditux.org\/aol\/files\/2018\/09\/Le-coin-convivial-1.jpg?zoom=3&amp;resize=150%2C150&amp;ssl=1 450w\" sizes=\"(max-width: 150px) 100vw, 150px\" \/><\/a>\n\t\t\t<\/dt>\n\t\t\t\t<dd class='wp-caption-text gallery-caption' id='gallery-2-1066'>\n\t\t\t\tLe coin convivial Orditux\n\t\t\t\t<\/dd><\/dl><br style=\"clear: both\" \/>\n\t\t<\/div>\n\n<h3 style=\"text-align: justify;\">Les projets \u00e0 venir<\/h3>\n<p style=\"text-align: justify;\">Au programme des projets \u00e0 venir, une inauguration, des animations, des d\u00e9monstrations et de l&#8217;initiation pour les jeunes et moins jeunes. Ces \u00e9v\u00e9nements visant tous les publics seront annonc\u00e9s \u00e0 l&#8217;avance.<\/p>\n<h3 style=\"text-align: justify;\">Remerciements<\/h3>\n<p style=\"text-align: justify;\">Mes remerciements vont aux amis et partenaires qui m&#8217;ont aid\u00e9e \u00e0 lancer ce projet. Ce sont <a href=\"https:\/\/twitter.com\/v_dagrain\">Val\u00e9rie<\/a>, pour son travail de structuration et pr\u00e9sentation du projet, et ses conseils en mati\u00e8re d&#8217;\u00e9tude de march\u00e9, merci aux nombreuses personnes qui ont aimablement accept\u00e9 de compl\u00e9ter le questionnaire pour cette \u00e9tude, merci \u00e0 <a href=\"https:\/\/lsconsulting31.fr\/\">Laurent<\/a>, pour l&#8217;aide apport\u00e9e gr\u00e2ce \u00e0 son savoir faire en gestion et comptabilit\u00e9, gr\u00e2ce \u00e0 qui j&#8217;ai pu obtenir des financements.<\/p>\n<p style=\"text-align: justify;\">Je remercie \u00e9galement <a href=\"http:\/\/www.initiativeariege.org\/\">Initiative Ari\u00e8ge<\/a>, qui a accompagn\u00e9 mes demandes de financements, lesquels proviennent, d&#8217;une part, du Cr\u00e9dit Agricole de Pamiers, et d&#8217;autre part, de <a href=\"http:\/\/www.initiativeariege.org\/\">Initiative Ari\u00e8ge<\/a> et France Active (pr\u00eat NACRE) ainsi que Monsieur G\u00e9rard ROUX, Directeur du service \u00e9conomique de la Chambre des M\u00e9tiers de Foix, pour ses conseils.<\/p>\n<p style=\"text-align: justify;\">Merci \u00e0 <a href=\"https:\/\/www.a1events.fr\/\" target=\"_blank\" rel=\"noopener noreferrer\">Monsieur Boris GONDAMOYEN<\/a>\u00a0pour ses conseils et son travail dans l&#8217;\u00e9laboration du <strong>dossier s\u00e9curit\u00e9<\/strong> destin\u00e9 \u00e0 l&#8217;urbanisme, gr\u00e2ce qui j&#8217;ai pu d\u00e9poser le dossier complet dans les meilleurs d\u00e9lais ; Merci \u00e0 Franck BORDERON, du <a href=\"https:\/\/fr-fr.facebook.com\/LaborLab09\/\" target=\"_blank\" rel=\"noopener noreferrer\">LaborLab 09<\/a> (09600 Laroque d&#8217;Olmes &#8211; 06.24.87.35.24) pour l&#8217;excellent travail d&#8217;am\u00e9nagement dans le local. Merci \u00e0 <a href=\"http:\/\/www.ibanez-b.com\/\" target=\"_blank\" rel=\"noopener noreferrer\">Berta IBANEZ<\/a> pour ses beaux travaux de graphisme ! Je remercie \u00e9galement le service urbanisme de <a href=\"http:\/\/ville-pamiers.fr\/\" target=\"_blank\" rel=\"noopener noreferrer\">la ville de Pamiers<\/a> pour l&#8217;accompagnement et les conseils autour de la constitution du dossier.<\/p>\n","protected":false},"excerpt":{"rendered":"<p><span class=\"span-reading-time rt-reading-time\" style=\"display: block;\"><span class=\"rt-label rt-prefix\">Temps de lecture\u00a0: <\/span> <span class=\"rt-time\"> 3<\/span> <span class=\"rt-label rt-postfix\">minutes<\/span><\/span>Des prestations informatiques et num\u00e9riques Apr\u00e8s quelques mois de d\u00e9marches et travaux, Orditux Informatique, un service unique liant r\u00e9parations, r\u00e9emploi, assistance avec acc\u00e8s internet haut d\u00e9bit fibre au centre ville de Pamiers, a ouvert au d\u00e9but de l&#8217;\u00e9t\u00e9 ! Orditux Informatique est situ\u00e9 au 39, rue des Jacobins, non loin de la m\u00e9diath\u00e8que et \u00e0 [&hellip;]<\/p>\n","protected":false},"author":1,"featured_media":0,"comment_status":"open","ping_status":"open","sticky":false,"template":"","format":"standard","meta":{"_s2mail":"","footnotes":""},"categories":[109,45],"tags":[],"class_list":["post-1037","post","type-post","status-publish","format-standard","hentry","category-gnulinux","category-services-informatiques"],"jetpack_featured_media_url":"","_links":{"self":[{"href":"https:\/\/orditux.org\/aol\/wp-json\/wp\/v2\/posts\/1037","targetHints":{"allow":["GET"]}}],"collection":[{"href":"https:\/\/orditux.org\/aol\/wp-json\/wp\/v2\/posts"}],"about":[{"href":"https:\/\/orditux.org\/aol\/wp-json\/wp\/v2\/types\/post"}],"author":[{"embeddable":true,"href":"https:\/\/orditux.org\/aol\/wp-json\/wp\/v2\/users\/1"}],"replies":[{"embeddable":true,"href":"https:\/\/orditux.org\/aol\/wp-json\/wp\/v2\/comments?post=1037"}],"version-history":[{"count":4,"href":"https:\/\/orditux.org\/aol\/wp-json\/wp\/v2\/posts\/1037\/revisions"}],"predecessor-version":[{"id":2851,"href":"https:\/\/orditux.org\/aol\/wp-json\/wp\/v2\/posts\/1037\/revisions\/2851"}],"wp:attachment":[{"href":"https:\/\/orditux.org\/aol\/wp-json\/wp\/v2\/media?parent=1037"}],"wp:term":[{"taxonomy":"category","embeddable":true,"href":"https:\/\/orditux.org\/aol\/wp-json\/wp\/v2\/categories?post=1037"},{"taxonomy":"post_tag","embeddable":true,"href":"https:\/\/orditux.org\/aol\/wp-json\/wp\/v2\/tags?post=1037"}],"curies":[{"name":"wp","href":"https:\/\/api.w.org\/{rel}","templated":true}]}}