{"id":1012,"date":"2017-12-30T19:50:09","date_gmt":"2017-12-30T17:50:09","guid":{"rendered":"http:\/\/orditux.org\/aol\/?p=1012"},"modified":"2026-02-24T19:34:38","modified_gmt":"2026-02-24T17:34:38","slug":"orditux-informatique-ouvre-bientot-en-ville","status":"publish","type":"post","link":"https:\/\/orditux.org\/aol\/2017\/12\/30\/orditux-informatique-ouvre-bientot-en-ville\/","title":{"rendered":"Orditux Informatique ouvre bient\u00f4t en ville"},"content":{"rendered":"<span class=\"span-reading-time rt-reading-time\" style=\"display: block;\"><span class=\"rt-label rt-prefix\">Temps de lecture\u00a0: <\/span> <span class=\"rt-time\"> 3<\/span> <span class=\"rt-label rt-postfix\">minutes<\/span><\/span><p style=\"text-align: justify;\">Cela fait 6 mois depuis le dernier billet, comme le temps passe\u00a0! De fil en aiguille, le projet d&#8217;ouvrir un local en ville est pass\u00e9 par les \u00e9tapes connues de ceux qui d\u00e9marrent une entreprise sans avoir sp\u00e9cialement de fonds, des \u00e9tapes cl\u00e9s pour d\u00e9marrer avec des sous\u00a0! Je pourrai en parler dans un autre billet si les lecteurs le souhaitent, cependant je voudrais surtout ici annoncer l&#8217;ouverture prochaine d&#8217;un local et parler des aspects les plus positifs de ce parcours.<\/p>\n<p style=\"text-align: justify;\"><img data-recalc-dims=\"1\" decoding=\"async\" class=\"wp-image-1013 size-full aligncenter\" title=\"Futur magasin Orditux Informatique \u00e0 Pamiers 09100\" src=\"https:\/\/i0.wp.com\/orditux.org\/aol\/files\/2017\/12\/orditux-shop.svg_.png?resize=384%2C302&#038;ssl=1\" alt=\"Boutique Orditux\" width=\"384\" height=\"302\" srcset=\"https:\/\/i0.wp.com\/orditux.org\/aol\/files\/2017\/12\/orditux-shop.svg_.png?w=384&amp;ssl=1 384w, https:\/\/i0.wp.com\/orditux.org\/aol\/files\/2017\/12\/orditux-shop.svg_.png?resize=300%2C236&amp;ssl=1 300w, https:\/\/i0.wp.com\/orditux.org\/aol\/files\/2017\/12\/orditux-shop.svg_.png?resize=24%2C19&amp;ssl=1 24w, https:\/\/i0.wp.com\/orditux.org\/aol\/files\/2017\/12\/orditux-shop.svg_.png?resize=36%2C28&amp;ssl=1 36w, https:\/\/i0.wp.com\/orditux.org\/aol\/files\/2017\/12\/orditux-shop.svg_.png?resize=48%2C38&amp;ssl=1 48w\" sizes=\"(max-width: 384px) 100vw, 384px\" \/><\/p>\n<p style=\"text-align: justify;\">Voici quelques \u00e9l\u00e9ments \u00e0 propos du futur local d&#8217;activit\u00e9s : c&#8217;est un local en centre ville, qui sera \u00e9quip\u00e9 du tr\u00e8s haut d\u00e9bit fibre. Les utilisateurs pourront venir pour faire r\u00e9parer leurs PC et se faire aider pour toute difficult\u00e9 rencontr\u00e9e dans l&#8217;usage informatique. Ils pourront venir r\u00e9guli\u00e8rement pour apprendre lors d&#8217;ateliers de formation libres d&#8217;acc\u00e8s, ouvertes \u00e0 tous organis\u00e9es chaque semaine (avec une limite dans le nombre des apprenants sur chaque session, il sera donc n\u00e9cessaire de s&#8217;inscrire \u00e0 l&#8217;avance).<\/p>\n<p style=\"text-align: justify;\">Enfin, ils pourront aussi utiliser une partie de l&#8217;espace les autres jours afin de se connecter avec des PC mis \u00e0 disposition ou avec leur propre PC portable, et effectuer diverses t\u00e2ches, en profitant de la connexion tr\u00e8s haut d\u00e9bit, pour un co\u00fbt modique. Ce local sera \u00e9quip\u00e9 d&#8217;un petit coin cuisine convivial avec des boissons, comme des th\u00e9s et caf\u00e9s bios.<\/p>\n<p style=\"text-align: justify;\">La particularit\u00e9 de ces services : Orditux Informatique est une activit\u00e9 tourn\u00e9e en grande partie vers <a href=\"https:\/\/fr.wikipedia.org\/wiki\/Logiciel_libre\">les Logiciels libres<\/a> que nous utilisons et pour lesquels nous faisons une veille technologique suivie. Les Logiciels libres sont des biens immat\u00e9riels disponibles pour tous, sans limitation de temps ou d&#8217;usage, et dont le code source (la recette du logiciel) est disponible.<\/p>\n<p style=\"text-align: justify;\">Pourquoi cela ? Le monde du Logiciel libre offre \u00e0 tous un plus grand respect du droit des utilisateurs, le droit de partager, plus de s\u00e9curit\u00e9, et l&#8217;ouverture du code permet \u00e0 toute personne de contribuer et de faire sien une partie d&#8217;un projet. Ainsi, jeunes et moins jeunes peuvent apprendre \u00e0 utiliser, d\u00e9monter, remonter, reconstruire, et \u00e0 programmer.<\/p>\n<p style=\"text-align: justify;\">Quel que soit le syst\u00e8me utilis\u00e9 au d\u00e9part, Microsoft Windows\u207d\u2122\u207e, GNU\/Linux, et d&#8217;autres, il existe pour tous ces syst\u00e8mes informatiques des applications issues du monde du Logiciel libre pour les utilisateurs.<\/p>\n<p style=\"text-align: justify;\">Je continuerai en pointant vers le site internet de Laurent SOULA, consultant en entreprises, <a href=\"https:\/\/lsconsulting31.fr\">https:\/\/lsconsulting31.fr<\/a>\u00a0gr\u00e2ce \u00e0 qui le business plan s&#8217;est \u00e9toff\u00e9 de tous les tableaux chiffr\u00e9s requis. Laurent se d\u00e9place r\u00e9guli\u00e8rement un peu partout en France et ailleurs pour soutenir des entreprises naissantes ou en difficult\u00e9, et il anime \u00e9galement des formations sur la gestion de l&#8217;entreprise.<\/p>\n<p style=\"text-align: justify;\">J&#8217;ai aussi re\u00e7u une aide tr\u00e8s appr\u00e9ci\u00e9e de <a href=\"https:\/\/twitter.com\/v_dagrain\">Val\u00e9rie DAGRAIN<\/a> qui m&#8217;a beaucoup aid\u00e9e avec la r\u00e9daction des \u00e9l\u00e9ments de l&#8217;\u00e9tude de march\u00e9 et l&#8217;analyse des donn\u00e9es r\u00e9colt\u00e9es lors de sondages sur le terrain.<\/p>\n<p style=\"text-align: justify;\">Ensuite, l&#8217;association <a href=\"http:\/\/www.initiativeariege.org\/\">Initiative Ari\u00e8ge<\/a>, qui ne fonce pas \u201ctout schuss\u201d sur un projet au premier abord, a d\u00e9cid\u00e9 de mettre ses efforts dans mon projet, et \u00e0 partir du moment o\u00f9 cette d\u00e9cision a \u00e9t\u00e9 prise, a \u00e9t\u00e9 d&#8217;une remarquable efficacit\u00e9, puisque tout \u00e9tait boucl\u00e9 en huit jours ! On peut dire que 3 rendez-vous plus quelques coups de fils et \u00e9changes par mail m&#8217;ont conduite de la premi\u00e8re prise de contact \u00e0 la pr\u00e9sentation du projet devant le comit\u00e9 de d\u00e9cision.<\/p>\n<p style=\"text-align: justify;\"><img data-recalc-dims=\"1\" decoding=\"async\" class=\"wp-image-966 size-full aligncenter\" title=\" Super badge Des elles 10 juin 2017\" src=\"https:\/\/i0.wp.com\/orditux.org\/aol\/files\/2017\/06\/Super_badge__Des_elles_pour_financer_son_entreprise__10_juin_2017_b0460072.png?resize=100%2C100&#038;ssl=1\" alt=\"Super badge Des elles 10 juin 2017\" width=\"100\" height=\"100\" srcset=\"https:\/\/i0.wp.com\/orditux.org\/aol\/files\/2017\/06\/Super_badge__Des_elles_pour_financer_son_entreprise__10_juin_2017_b0460072.png?w=100&amp;ssl=1 100w, https:\/\/i0.wp.com\/orditux.org\/aol\/files\/2017\/06\/Super_badge__Des_elles_pour_financer_son_entreprise__10_juin_2017_b0460072.png?resize=24%2C24&amp;ssl=1 24w, https:\/\/i0.wp.com\/orditux.org\/aol\/files\/2017\/06\/Super_badge__Des_elles_pour_financer_son_entreprise__10_juin_2017_b0460072.png?resize=36%2C36&amp;ssl=1 36w, https:\/\/i0.wp.com\/orditux.org\/aol\/files\/2017\/06\/Super_badge__Des_elles_pour_financer_son_entreprise__10_juin_2017_b0460072.png?resize=48%2C48&amp;ssl=1 48w\" sizes=\"(max-width: 100px) 100vw, 100px\" \/><\/p>\n<p style=\"text-align: justify;\">Entre temps, le MOOC \u00ab<a href=\"https:\/\/des-elles-pour-financer-son-entreprise.com\/\">Des Elles pour financer son entreprise<\/a>\u00bb a \u00e9t\u00e9 remis en ligne et r\u00e9ouvert, je m&#8217;y suis r\u00e9inscrite mais je n&#8217;ai vraiment pas eu le temps de refaire le parcours. Lors de la premi\u00e8re session, j&#8217;avais trouv\u00e9 que c&#8217;\u00e9tait vraiment une bonne mise en train et un parcours stimulant pour apprendre par des femmes ayant d\u00e9j\u00e0 cr\u00e9\u00e9 leurs entreprises, pour acqu\u00e9rir de l&#8217;assurance, et pour avoir une vision plus large de la chose du financement avant, pendant, et apr\u00e8s l&#8217;installation.<\/p>\n<p style=\"text-align: justify;\">\n","protected":false},"excerpt":{"rendered":"<p><span class=\"span-reading-time rt-reading-time\" style=\"display: block;\"><span class=\"rt-label rt-prefix\">Temps de lecture\u00a0: <\/span> <span class=\"rt-time\"> 3<\/span> <span class=\"rt-label rt-postfix\">minutes<\/span><\/span>Cela fait 6 mois depuis le dernier billet, comme le temps passe\u00a0! De fil en aiguille, le projet d&#8217;ouvrir un local en ville est pass\u00e9 par les \u00e9tapes connues de ceux qui d\u00e9marrent une entreprise sans avoir sp\u00e9cialement de fonds, des \u00e9tapes cl\u00e9s pour d\u00e9marrer avec des sous\u00a0! Je pourrai en parler dans un autre [&hellip;]<\/p>\n","protected":false},"author":1,"featured_media":0,"comment_status":"open","ping_status":"open","sticky":false,"template":"","format":"standard","meta":{"_s2mail":"","footnotes":""},"categories":[45],"tags":[],"class_list":["post-1012","post","type-post","status-publish","format-standard","hentry","category-services-informatiques"],"jetpack_featured_media_url":"","_links":{"self":[{"href":"https:\/\/orditux.org\/aol\/wp-json\/wp\/v2\/posts\/1012","targetHints":{"allow":["GET"]}}],"collection":[{"href":"https:\/\/orditux.org\/aol\/wp-json\/wp\/v2\/posts"}],"about":[{"href":"https:\/\/orditux.org\/aol\/wp-json\/wp\/v2\/types\/post"}],"author":[{"embeddable":true,"href":"https:\/\/orditux.org\/aol\/wp-json\/wp\/v2\/users\/1"}],"replies":[{"embeddable":true,"href":"https:\/\/orditux.org\/aol\/wp-json\/wp\/v2\/comments?post=1012"}],"version-history":[{"count":3,"href":"https:\/\/orditux.org\/aol\/wp-json\/wp\/v2\/posts\/1012\/revisions"}],"predecessor-version":[{"id":2849,"href":"https:\/\/orditux.org\/aol\/wp-json\/wp\/v2\/posts\/1012\/revisions\/2849"}],"wp:attachment":[{"href":"https:\/\/orditux.org\/aol\/wp-json\/wp\/v2\/media?parent=1012"}],"wp:term":[{"taxonomy":"category","embeddable":true,"href":"https:\/\/orditux.org\/aol\/wp-json\/wp\/v2\/categories?post=1012"},{"taxonomy":"post_tag","embeddable":true,"href":"https:\/\/orditux.org\/aol\/wp-json\/wp\/v2\/tags?post=1012"}],"curies":[{"name":"wp","href":"https:\/\/api.w.org\/{rel}","templated":true}]}}